{"id":11286,"date":"2024-10-13T10:32:46","date_gmt":"2024-10-13T08:32:46","guid":{"rendered":"https:\/\/catedra.us.es\/catedrartveus\/?p=11286"},"modified":"2025-02-12T10:35:45","modified_gmt":"2025-02-12T09:35:45","slug":"manuel-angel-vazquez-medel-emplazamiento_desplazamiento-t_ed-balance-y-prospectiva","status":"publish","type":"post","link":"https:\/\/catedra.us.es\/catedrartveus\/manuel-angel-vazquez-medel-emplazamiento_desplazamiento-t_ed-balance-y-prospectiva\/","title":{"rendered":"Manuel \u00c1ngel V\u00e1zquez Medel: \u00abEmplazamiento_Desplazamiento (T_ED): Balance y Prospectiva\u00bb"},"content":{"rendered":"<p><strong>Manuel \u00c1ngel V\u00e1zquez Medel: \u00abEmplazamiento_Desplazamiento (T_ED): Balance y Prospectiva\u00bb.\u00a0<\/strong><\/p>\n<p>El martes d\u00eda 10 de octubre el Seminario Permanente Comunicaci\u00f3n y Sociedad de GITTCUS (Grupo de Investigaci\u00f3n en Teor\u00eda y Tecnolog\u00eda de la Comunicaci\u00f3n) cont\u00f3 con la presencia de Manuel \u00c1ngel V\u00e1zquez Medel, que imparti\u00f3 la conferencia \u00abEmplazamiento_Desplazamiento (T_ED): Balance y Prospectiva\u00bb. V\u00e1zquez Medel es referente y compa\u00f1ero del Grupo de Investigaci\u00f3n cuya trayectoria ha recibido un conjunto de reconocimientos p\u00fablicos, como el reciente homenaje de las C\u00e1tedr\u00e1s RTVE en la Universidad de Salamanca.<\/p>\n<p>La exposici\u00f3n abord\u00f3 los elementos centrales de la \u00abTeopraxis del Emplazamiento\u00bb: una l\u00facida y vers\u00e1til s\u00edntesis de la filosof\u00eda contempor\u00e1nea para el an\u00e1lisis de fen\u00f3menos culturales y medi\u00e1ticos, propuesta fundamentalmente por el propio V\u00e1zquez Medel. GITTCUS est\u00e1 editando un segundo volumen sobre la teor\u00eda, con art\u00edculos en los que se aplica a diferentes manifestaciones. La sesi\u00f3n del d\u00eda 10, abierta a toda la comunidad acad\u00e9mica y el p\u00fablico en general contribuy\u00f3 a vertebrar y estructurar las l\u00edneas centrales de la compilaci\u00f3n.<\/p>\n","protected":false},"excerpt":{"rendered":"<p>Manuel \u00c1ngel V\u00e1zquez Medel: \u00abEmplazamiento_Desplazamiento (T_ED): Balance y Prospectiva\u00bb.\u00a0 El martes d\u00eda 10 de octubre el Seminario Permanente Comunicaci\u00f3n y<\/p>\n","protected":false},"author":1,"featured_media":11280,"comment_status":"open","ping_status":"open","sticky":false,"template":"","format":"standard","meta":{"footnotes":""},"categories":[11],"tags":[],"yoast_head":"<!-- This site is optimized with the Yoast SEO plugin v23.5 - https:\/\/yoast.com\/wordpress\/plugins\/seo\/ -->\n<title>Manuel \u00c1ngel V\u00e1zquez Medel: &quot;Emplazamiento_Desplazamiento (T_ED): Balance y Prospectiva&quot; - C\u00e1tedra RTVE Universidad de Sevilla<\/title>\n<meta name=\"robots\" content=\"index, follow, max-snippet:-1, max-image-preview:large, max-video-preview:-1\" \/>\n<link rel=\"canonical\" href=\"https:\/\/catedra.us.es\/catedrartveus\/manuel-angel-vazquez-medel-emplazamiento_desplazamiento-t_ed-balance-y-prospectiva\/\" \/>\n<meta property=\"og:locale\" content=\"es_ES\" \/>\n<meta property=\"og:type\" content=\"article\" \/>\n<meta property=\"og:title\" content=\"Manuel \u00c1ngel V\u00e1zquez Medel: &quot;Emplazamiento_Desplazamiento (T_ED): Balance y Prospectiva&quot; - C\u00e1tedra RTVE Universidad de Sevilla\" \/>\n<meta property=\"og:description\" content=\"Manuel \u00c1ngel V\u00e1zquez Medel: \u00abEmplazamiento_Desplazamiento (T_ED): Balance y Prospectiva\u00bb.\u00a0 El martes d\u00eda 10 de octubre el Seminario Permanente Comunicaci\u00f3n y\" \/>\n<meta property=\"og:url\" content=\"https:\/\/catedra.us.es\/catedrartveus\/manuel-angel-vazquez-medel-emplazamiento_desplazamiento-t_ed-balance-y-prospectiva\/\" \/>\n<meta property=\"og:site_name\" content=\"C\u00e1tedra RTVE Universidad de Sevilla\" \/>\n<meta property=\"article:published_time\" content=\"2024-10-13T08:32:46+00:00\" \/>\n<meta property=\"article:modified_time\" content=\"2025-02-12T09:35:45+00:00\" \/>\n<meta property=\"og:image\" content=\"http:\/\/catedra.us.es\/catedrartveus\/wp-content\/uploads\/2025\/02\/Teopraxis-del-emplazamiento-01.jpg\" \/>\n\t<meta property=\"og:image:width\" content=\"1900\" \/>\n\t<meta property=\"og:image:height\" content=\"1050\" \/>\n\t<meta property=\"og:image:type\" content=\"image\/jpeg\" \/>\n<meta name=\"author\" content=\"CatedraUS\" \/>\n<meta name=\"twitter:card\" content=\"summary_large_image\" \/>\n<meta name=\"twitter:label1\" content=\"Escrito por\" \/>\n\t<meta name=\"twitter:data1\" content=\"CatedraUS\" \/>\n\t<meta name=\"twitter:label2\" content=\"Tiempo de lectura\" \/>\n\t<meta name=\"twitter:data2\" content=\"1 minuto\" \/>\n<script type=\"application\/ld+json\" class=\"yoast-schema-graph\">{\"@context\":\"https:\/\/schema.org\",\"@graph\":[{\"@type\":\"WebPage\",\"@id\":\"https:\/\/catedra.us.es\/catedrartveus\/manuel-angel-vazquez-medel-emplazamiento_desplazamiento-t_ed-balance-y-prospectiva\/\",\"url\":\"https:\/\/catedra.us.es\/catedrartveus\/manuel-angel-vazquez-medel-emplazamiento_desplazamiento-t_ed-balance-y-prospectiva\/\",\"name\":\"Manuel \u00c1ngel V\u00e1zquez Medel: \\\"Emplazamiento_Desplazamiento (T_ED): Balance y Prospectiva\\\" - C\u00e1tedra RTVE Universidad de Sevilla\",\"isPartOf\":{\"@id\":\"https:\/\/catedra.us.es\/catedrartveus\/#website\"},\"primaryImageOfPage\":{\"@id\":\"https:\/\/catedra.us.es\/catedrartveus\/manuel-angel-vazquez-medel-emplazamiento_desplazamiento-t_ed-balance-y-prospectiva\/#primaryimage\"},\"image\":{\"@id\":\"https:\/\/catedra.us.es\/catedrartveus\/manuel-angel-vazquez-medel-emplazamiento_desplazamiento-t_ed-balance-y-prospectiva\/#primaryimage\"},\"thumbnailUrl\":\"https:\/\/catedra.us.es\/catedrartveus\/wp-content\/uploads\/2025\/02\/Teopraxis-del-emplazamiento-01.jpg\",\"datePublished\":\"2024-10-13T08:32:46+00:00\",\"dateModified\":\"2025-02-12T09:35:45+00:00\",\"author\":{\"@id\":\"https:\/\/catedra.us.es\/catedrartveus\/#\/schema\/person\/e75a575e55104e5a1256dd7f0faf8339\"},\"breadcrumb\":{\"@id\":\"https:\/\/catedra.us.es\/catedrartveus\/manuel-angel-vazquez-medel-emplazamiento_desplazamiento-t_ed-balance-y-prospectiva\/#breadcrumb\"},\"inLanguage\":\"es\",\"potentialAction\":[{\"@type\":\"ReadAction\",\"target\":[\"https:\/\/catedra.us.es\/catedrartveus\/manuel-angel-vazquez-medel-emplazamiento_desplazamiento-t_ed-balance-y-prospectiva\/\"]}]},{\"@type\":\"ImageObject\",\"inLanguage\":\"es\",\"@id\":\"https:\/\/catedra.us.es\/catedrartveus\/manuel-angel-vazquez-medel-emplazamiento_desplazamiento-t_ed-balance-y-prospectiva\/#primaryimage\",\"url\":\"https:\/\/catedra.us.es\/catedrartveus\/wp-content\/uploads\/2025\/02\/Teopraxis-del-emplazamiento-01.jpg\",\"contentUrl\":\"https:\/\/catedra.us.es\/catedrartveus\/wp-content\/uploads\/2025\/02\/Teopraxis-del-emplazamiento-01.jpg\",\"width\":1900,\"height\":1050},{\"@type\":\"BreadcrumbList\",\"@id\":\"https:\/\/catedra.us.es\/catedrartveus\/manuel-angel-vazquez-medel-emplazamiento_desplazamiento-t_ed-balance-y-prospectiva\/#breadcrumb\",\"itemListElement\":[{\"@type\":\"ListItem\",\"position\":1,\"name\":\"Portada\",\"item\":\"https:\/\/catedra.us.es\/catedrartveus\/\"},{\"@type\":\"ListItem\",\"position\":2,\"name\":\"Manuel \u00c1ngel V\u00e1zquez Medel: &#8220;Emplazamiento_Desplazamiento (T_ED): Balance y Prospectiva&#8221;\"}]},{\"@type\":\"WebSite\",\"@id\":\"https:\/\/catedra.us.es\/catedrartveus\/#website\",\"url\":\"https:\/\/catedra.us.es\/catedrartveus\/\",\"name\":\"C\u00e1tedra RTVE Universidad de Sevilla\",\"description\":\"\",\"potentialAction\":[{\"@type\":\"SearchAction\",\"target\":{\"@type\":\"EntryPoint\",\"urlTemplate\":\"https:\/\/catedra.us.es\/catedrartveus\/?s={search_term_string}\"},\"query-input\":{\"@type\":\"PropertyValueSpecification\",\"valueRequired\":true,\"valueName\":\"search_term_string\"}}],\"inLanguage\":\"es\"},{\"@type\":\"Person\",\"@id\":\"https:\/\/catedra.us.es\/catedrartveus\/#\/schema\/person\/e75a575e55104e5a1256dd7f0faf8339\",\"name\":\"CatedraUS\",\"image\":{\"@type\":\"ImageObject\",\"inLanguage\":\"es\",\"@id\":\"https:\/\/catedra.us.es\/catedrartveus\/#\/schema\/person\/image\/\",\"url\":\"https:\/\/secure.gravatar.com\/avatar\/8e08cd65b3355284db48df599da36ed1?s=96&d=mm&r=g\",\"contentUrl\":\"https:\/\/secure.gravatar.com\/avatar\/8e08cd65b3355284db48df599da36ed1?s=96&d=mm&r=g\",\"caption\":\"CatedraUS\"},\"sameAs\":[\"https:\/\/catedra.us.es\/catedrartveus\"],\"url\":\"https:\/\/catedra.us.es\/catedrartveus\/author\/catedraus\/\"}]}<\/script>\n<!-- \/ Yoast SEO plugin. -->","yoast_head_json":{"title":"Manuel \u00c1ngel V\u00e1zquez Medel: \"Emplazamiento_Desplazamiento (T_ED): Balance y Prospectiva\" - C\u00e1tedra RTVE Universidad de Sevilla","robots":{"index":"index","follow":"follow","max-snippet":"max-snippet:-1","max-image-preview":"max-image-preview:large","max-video-preview":"max-video-preview:-1"},"canonical":"https:\/\/catedra.us.es\/catedrartveus\/manuel-angel-vazquez-medel-emplazamiento_desplazamiento-t_ed-balance-y-prospectiva\/","og_locale":"es_ES","og_type":"article","og_title":"Manuel \u00c1ngel V\u00e1zquez Medel: \"Emplazamiento_Desplazamiento (T_ED): Balance y Prospectiva\" - C\u00e1tedra RTVE Universidad de Sevilla","og_description":"Manuel \u00c1ngel V\u00e1zquez Medel: \u00abEmplazamiento_Desplazamiento (T_ED): Balance y Prospectiva\u00bb.\u00a0 El martes d\u00eda 10 de octubre el Seminario Permanente Comunicaci\u00f3n y","og_url":"https:\/\/catedra.us.es\/catedrartveus\/manuel-angel-vazquez-medel-emplazamiento_desplazamiento-t_ed-balance-y-prospectiva\/","og_site_name":"C\u00e1tedra RTVE Universidad de Sevilla","article_published_time":"2024-10-13T08:32:46+00:00","article_modified_time":"2025-02-12T09:35:45+00:00","og_image":[{"width":1900,"height":1050,"url":"http:\/\/catedra.us.es\/catedrartveus\/wp-content\/uploads\/2025\/02\/Teopraxis-del-emplazamiento-01.jpg","type":"image\/jpeg"}],"author":"CatedraUS","twitter_card":"summary_large_image","twitter_misc":{"Escrito por":"CatedraUS","Tiempo de lectura":"1 minuto"},"schema":{"@context":"https:\/\/schema.org","@graph":[{"@type":"WebPage","@id":"https:\/\/catedra.us.es\/catedrartveus\/manuel-angel-vazquez-medel-emplazamiento_desplazamiento-t_ed-balance-y-prospectiva\/","url":"https:\/\/catedra.us.es\/catedrartveus\/manuel-angel-vazquez-medel-emplazamiento_desplazamiento-t_ed-balance-y-prospectiva\/","name":"Manuel \u00c1ngel V\u00e1zquez Medel: \"Emplazamiento_Desplazamiento (T_ED): Balance y Prospectiva\" - C\u00e1tedra RTVE Universidad de Sevilla","isPartOf":{"@id":"https:\/\/catedra.us.es\/catedrartveus\/#website"},"primaryImageOfPage":{"@id":"https:\/\/catedra.us.es\/catedrartveus\/manuel-angel-vazquez-medel-emplazamiento_desplazamiento-t_ed-balance-y-prospectiva\/#primaryimage"},"image":{"@id":"https:\/\/catedra.us.es\/catedrartveus\/manuel-angel-vazquez-medel-emplazamiento_desplazamiento-t_ed-balance-y-prospectiva\/#primaryimage"},"thumbnailUrl":"https:\/\/catedra.us.es\/catedrartveus\/wp-content\/uploads\/2025\/02\/Teopraxis-del-emplazamiento-01.jpg","datePublished":"2024-10-13T08:32:46+00:00","dateModified":"2025-02-12T09:35:45+00:00","author":{"@id":"https:\/\/catedra.us.es\/catedrartveus\/#\/schema\/person\/e75a575e55104e5a1256dd7f0faf8339"},"breadcrumb":{"@id":"https:\/\/catedra.us.es\/catedrartveus\/manuel-angel-vazquez-medel-emplazamiento_desplazamiento-t_ed-balance-y-prospectiva\/#breadcrumb"},"inLanguage":"es","potentialAction":[{"@type":"ReadAction","target":["https:\/\/catedra.us.es\/catedrartveus\/manuel-angel-vazquez-medel-emplazamiento_desplazamiento-t_ed-balance-y-prospectiva\/"]}]},{"@type":"ImageObject","inLanguage":"es","@id":"https:\/\/catedra.us.es\/catedrartveus\/manuel-angel-vazquez-medel-emplazamiento_desplazamiento-t_ed-balance-y-prospectiva\/#primaryimage","url":"https:\/\/catedra.us.es\/catedrartveus\/wp-content\/uploads\/2025\/02\/Teopraxis-del-emplazamiento-01.jpg","contentUrl":"https:\/\/catedra.us.es\/catedrartveus\/wp-content\/uploads\/2025\/02\/Teopraxis-del-emplazamiento-01.jpg","width":1900,"height":1050},{"@type":"BreadcrumbList","@id":"https:\/\/catedra.us.es\/catedrartveus\/manuel-angel-vazquez-medel-emplazamiento_desplazamiento-t_ed-balance-y-prospectiva\/#breadcrumb","itemListElement":[{"@type":"ListItem","position":1,"name":"Portada","item":"https:\/\/catedra.us.es\/catedrartveus\/"},{"@type":"ListItem","position":2,"name":"Manuel \u00c1ngel V\u00e1zquez Medel: &#8220;Emplazamiento_Desplazamiento (T_ED): Balance y Prospectiva&#8221;"}]},{"@type":"WebSite","@id":"https:\/\/catedra.us.es\/catedrartveus\/#website","url":"https:\/\/catedra.us.es\/catedrartveus\/","name":"C\u00e1tedra RTVE Universidad de Sevilla","description":"","potentialAction":[{"@type":"SearchAction","target":{"@type":"EntryPoint","urlTemplate":"https:\/\/catedra.us.es\/catedrartveus\/?s={search_term_string}"},"query-input":{"@type":"PropertyValueSpecification","valueRequired":true,"valueName":"search_term_string"}}],"inLanguage":"es"},{"@type":"Person","@id":"https:\/\/catedra.us.es\/catedrartveus\/#\/schema\/person\/e75a575e55104e5a1256dd7f0faf8339","name":"CatedraUS","image":{"@type":"ImageObject","inLanguage":"es","@id":"https:\/\/catedra.us.es\/catedrartveus\/#\/schema\/person\/image\/","url":"https:\/\/secure.gravatar.com\/avatar\/8e08cd65b3355284db48df599da36ed1?s=96&d=mm&r=g","contentUrl":"https:\/\/secure.gravatar.com\/avatar\/8e08cd65b3355284db48df599da36ed1?s=96&d=mm&r=g","caption":"CatedraUS"},"sameAs":["https:\/\/catedra.us.es\/catedrartveus"],"url":"https:\/\/catedra.us.es\/catedrartveus\/author\/catedraus\/"}]}},"_links":{"self":[{"href":"https:\/\/catedra.us.es\/catedrartveus\/wp-json\/wp\/v2\/posts\/11286"}],"collection":[{"href":"https:\/\/catedra.us.es\/catedrartveus\/wp-json\/wp\/v2\/posts"}],"about":[{"href":"https:\/\/catedra.us.es\/catedrartveus\/wp-json\/wp\/v2\/types\/post"}],"author":[{"embeddable":true,"href":"https:\/\/catedra.us.es\/catedrartveus\/wp-json\/wp\/v2\/users\/1"}],"replies":[{"embeddable":true,"href":"https:\/\/catedra.us.es\/catedrartveus\/wp-json\/wp\/v2\/comments?post=11286"}],"version-history":[{"count":1,"href":"https:\/\/catedra.us.es\/catedrartveus\/wp-json\/wp\/v2\/posts\/11286\/revisions"}],"predecessor-version":[{"id":11287,"href":"https:\/\/catedra.us.es\/catedrartveus\/wp-json\/wp\/v2\/posts\/11286\/revisions\/11287"}],"wp:featuredmedia":[{"embeddable":true,"href":"https:\/\/catedra.us.es\/catedrartveus\/wp-json\/wp\/v2\/media\/11280"}],"wp:attachment":[{"href":"https:\/\/catedra.us.es\/catedrartveus\/wp-json\/wp\/v2\/media?parent=11286"}],"wp:term":[{"taxonomy":"category","embeddable":true,"href":"https:\/\/catedra.us.es\/catedrartveus\/wp-json\/wp\/v2\/categories?post=11286"},{"taxonomy":"post_tag","embeddable":true,"href":"https:\/\/catedra.us.es\/catedrartveus\/wp-json\/wp\/v2\/tags?post=11286"}],"curies":[{"name":"wp","href":"https:\/\/api.w.org\/{rel}","templated":true}]}}