{"id":11296,"date":"2024-04-06T10:49:34","date_gmt":"2024-04-06T08:49:34","guid":{"rendered":"https:\/\/catedra.us.es\/catedrartveus\/?p=11296"},"modified":"2025-02-12T10:51:03","modified_gmt":"2025-02-12T09:51:03","slug":"mesa-redonda-de-futuros-cercanos-y-posibles-para-gittcus","status":"publish","type":"post","link":"https:\/\/catedra.us.es\/catedrartveus\/mesa-redonda-de-futuros-cercanos-y-posibles-para-gittcus\/","title":{"rendered":"Mesa Redonda de Futuros Cercanos y Posibles para GITTCUS"},"content":{"rendered":"<p><strong>Mesa Redonda de Futuros Cercanos y Posibles para GITTCUS. Aula de Grados. Facultad de Filolog\u00eda<\/strong><\/p>\n<p>La sesi\u00f3n de abril del Seminario Permanente Comunicaci\u00f3n y Sociedad del Grupo de Investigaci\u00f3n en Teor\u00eda y Tecnolog\u00eda de la Comunicaci\u00f3n de la Universidad de Sevilla (GITTCUS), colaborador de la C\u00e1tedra RTVE US, se dedic\u00f3 a debatir sobre cursos de acci\u00f3n posibles a corto y medio plazo. Para ello Mar\u00eda Lamuedra, Investigadora Responsable de GITTCUS realiz\u00f3 una serie de propuestas relativas a actividades de divulgaci\u00f3n y trasferencia que iniciaron un sugerente debate sobre los retos presentes que debe abordar el \u00e1mbito universitario en general y el grupo de investigaci\u00f3n en particular.<\/p>\n<p>El seminario tuvo lugar el 2 de abril de 2024 en la Facultad de Filolog\u00eda de la Universidad de Sevilla. GITTCUS es una entidad colaboradora de la C\u00e1tedra RTVE-US en contenidos Culturales y Creativos en el \u00e1mbito Audiovisual y Digital.<\/p>\n","protected":false},"excerpt":{"rendered":"<p>Mesa Redonda de Futuros Cercanos y Posibles para GITTCUS. Aula de Grados. Facultad de Filolog\u00eda La sesi\u00f3n de abril del<\/p>\n","protected":false},"author":1,"featured_media":11273,"comment_status":"open","ping_status":"open","sticky":false,"template":"","format":"standard","meta":{"footnotes":""},"categories":[11],"tags":[],"yoast_head":"<!-- This site is optimized with the Yoast SEO plugin v23.5 - https:\/\/yoast.com\/wordpress\/plugins\/seo\/ -->\n<title>Mesa Redonda de Futuros Cercanos y Posibles para GITTCUS - C\u00e1tedra RTVE Universidad de Sevilla<\/title>\n<meta name=\"robots\" content=\"index, follow, max-snippet:-1, max-image-preview:large, max-video-preview:-1\" \/>\n<link rel=\"canonical\" href=\"https:\/\/catedra.us.es\/catedrartveus\/mesa-redonda-de-futuros-cercanos-y-posibles-para-gittcus\/\" \/>\n<meta property=\"og:locale\" content=\"es_ES\" \/>\n<meta property=\"og:type\" content=\"article\" \/>\n<meta property=\"og:title\" content=\"Mesa Redonda de Futuros Cercanos y Posibles para GITTCUS - C\u00e1tedra RTVE Universidad de Sevilla\" \/>\n<meta property=\"og:description\" content=\"Mesa Redonda de Futuros Cercanos y Posibles para GITTCUS. Aula de Grados. Facultad de Filolog\u00eda La sesi\u00f3n de abril del\" \/>\n<meta property=\"og:url\" content=\"https:\/\/catedra.us.es\/catedrartveus\/mesa-redonda-de-futuros-cercanos-y-posibles-para-gittcus\/\" \/>\n<meta property=\"og:site_name\" content=\"C\u00e1tedra RTVE Universidad de Sevilla\" \/>\n<meta property=\"article:published_time\" content=\"2024-04-06T08:49:34+00:00\" \/>\n<meta property=\"article:modified_time\" content=\"2025-02-12T09:51:03+00:00\" \/>\n<meta property=\"og:image\" content=\"http:\/\/catedra.us.es\/catedrartveus\/wp-content\/uploads\/2025\/02\/Emplazados-y-desplazados-01.jpg\" \/>\n\t<meta property=\"og:image:width\" content=\"1900\" \/>\n\t<meta property=\"og:image:height\" content=\"1109\" \/>\n\t<meta property=\"og:image:type\" content=\"image\/jpeg\" \/>\n<meta name=\"author\" content=\"CatedraUS\" \/>\n<meta name=\"twitter:card\" content=\"summary_large_image\" \/>\n<meta name=\"twitter:label1\" content=\"Escrito por\" \/>\n\t<meta name=\"twitter:data1\" content=\"CatedraUS\" \/>\n\t<meta name=\"twitter:label2\" content=\"Tiempo de lectura\" \/>\n\t<meta name=\"twitter:data2\" content=\"1 minuto\" \/>\n<script type=\"application\/ld+json\" class=\"yoast-schema-graph\">{\"@context\":\"https:\/\/schema.org\",\"@graph\":[{\"@type\":\"WebPage\",\"@id\":\"https:\/\/catedra.us.es\/catedrartveus\/mesa-redonda-de-futuros-cercanos-y-posibles-para-gittcus\/\",\"url\":\"https:\/\/catedra.us.es\/catedrartveus\/mesa-redonda-de-futuros-cercanos-y-posibles-para-gittcus\/\",\"name\":\"Mesa Redonda de Futuros Cercanos y Posibles para GITTCUS - C\u00e1tedra RTVE Universidad de Sevilla\",\"isPartOf\":{\"@id\":\"https:\/\/catedra.us.es\/catedrartveus\/#website\"},\"primaryImageOfPage\":{\"@id\":\"https:\/\/catedra.us.es\/catedrartveus\/mesa-redonda-de-futuros-cercanos-y-posibles-para-gittcus\/#primaryimage\"},\"image\":{\"@id\":\"https:\/\/catedra.us.es\/catedrartveus\/mesa-redonda-de-futuros-cercanos-y-posibles-para-gittcus\/#primaryimage\"},\"thumbnailUrl\":\"https:\/\/catedra.us.es\/catedrartveus\/wp-content\/uploads\/2025\/02\/Emplazados-y-desplazados-01.jpg\",\"datePublished\":\"2024-04-06T08:49:34+00:00\",\"dateModified\":\"2025-02-12T09:51:03+00:00\",\"author\":{\"@id\":\"https:\/\/catedra.us.es\/catedrartveus\/#\/schema\/person\/e75a575e55104e5a1256dd7f0faf8339\"},\"breadcrumb\":{\"@id\":\"https:\/\/catedra.us.es\/catedrartveus\/mesa-redonda-de-futuros-cercanos-y-posibles-para-gittcus\/#breadcrumb\"},\"inLanguage\":\"es\",\"potentialAction\":[{\"@type\":\"ReadAction\",\"target\":[\"https:\/\/catedra.us.es\/catedrartveus\/mesa-redonda-de-futuros-cercanos-y-posibles-para-gittcus\/\"]}]},{\"@type\":\"ImageObject\",\"inLanguage\":\"es\",\"@id\":\"https:\/\/catedra.us.es\/catedrartveus\/mesa-redonda-de-futuros-cercanos-y-posibles-para-gittcus\/#primaryimage\",\"url\":\"https:\/\/catedra.us.es\/catedrartveus\/wp-content\/uploads\/2025\/02\/Emplazados-y-desplazados-01.jpg\",\"contentUrl\":\"https:\/\/catedra.us.es\/catedrartveus\/wp-content\/uploads\/2025\/02\/Emplazados-y-desplazados-01.jpg\",\"width\":1900,\"height\":1109},{\"@type\":\"BreadcrumbList\",\"@id\":\"https:\/\/catedra.us.es\/catedrartveus\/mesa-redonda-de-futuros-cercanos-y-posibles-para-gittcus\/#breadcrumb\",\"itemListElement\":[{\"@type\":\"ListItem\",\"position\":1,\"name\":\"Portada\",\"item\":\"https:\/\/catedra.us.es\/catedrartveus\/\"},{\"@type\":\"ListItem\",\"position\":2,\"name\":\"Mesa Redonda de Futuros Cercanos y Posibles para GITTCUS\"}]},{\"@type\":\"WebSite\",\"@id\":\"https:\/\/catedra.us.es\/catedrartveus\/#website\",\"url\":\"https:\/\/catedra.us.es\/catedrartveus\/\",\"name\":\"C\u00e1tedra RTVE Universidad de Sevilla\",\"description\":\"\",\"potentialAction\":[{\"@type\":\"SearchAction\",\"target\":{\"@type\":\"EntryPoint\",\"urlTemplate\":\"https:\/\/catedra.us.es\/catedrartveus\/?s={search_term_string}\"},\"query-input\":{\"@type\":\"PropertyValueSpecification\",\"valueRequired\":true,\"valueName\":\"search_term_string\"}}],\"inLanguage\":\"es\"},{\"@type\":\"Person\",\"@id\":\"https:\/\/catedra.us.es\/catedrartveus\/#\/schema\/person\/e75a575e55104e5a1256dd7f0faf8339\",\"name\":\"CatedraUS\",\"image\":{\"@type\":\"ImageObject\",\"inLanguage\":\"es\",\"@id\":\"https:\/\/catedra.us.es\/catedrartveus\/#\/schema\/person\/image\/\",\"url\":\"https:\/\/secure.gravatar.com\/avatar\/8e08cd65b3355284db48df599da36ed1?s=96&d=mm&r=g\",\"contentUrl\":\"https:\/\/secure.gravatar.com\/avatar\/8e08cd65b3355284db48df599da36ed1?s=96&d=mm&r=g\",\"caption\":\"CatedraUS\"},\"sameAs\":[\"https:\/\/catedra.us.es\/catedrartveus\"],\"url\":\"https:\/\/catedra.us.es\/catedrartveus\/author\/catedraus\/\"}]}<\/script>\n<!-- \/ Yoast SEO plugin. -->","yoast_head_json":{"title":"Mesa Redonda de Futuros Cercanos y Posibles para GITTCUS - C\u00e1tedra RTVE Universidad de Sevilla","robots":{"index":"index","follow":"follow","max-snippet":"max-snippet:-1","max-image-preview":"max-image-preview:large","max-video-preview":"max-video-preview:-1"},"canonical":"https:\/\/catedra.us.es\/catedrartveus\/mesa-redonda-de-futuros-cercanos-y-posibles-para-gittcus\/","og_locale":"es_ES","og_type":"article","og_title":"Mesa Redonda de Futuros Cercanos y Posibles para GITTCUS - C\u00e1tedra RTVE Universidad de Sevilla","og_description":"Mesa Redonda de Futuros Cercanos y Posibles para GITTCUS. Aula de Grados. Facultad de Filolog\u00eda La sesi\u00f3n de abril del","og_url":"https:\/\/catedra.us.es\/catedrartveus\/mesa-redonda-de-futuros-cercanos-y-posibles-para-gittcus\/","og_site_name":"C\u00e1tedra RTVE Universidad de Sevilla","article_published_time":"2024-04-06T08:49:34+00:00","article_modified_time":"2025-02-12T09:51:03+00:00","og_image":[{"width":1900,"height":1109,"url":"http:\/\/catedra.us.es\/catedrartveus\/wp-content\/uploads\/2025\/02\/Emplazados-y-desplazados-01.jpg","type":"image\/jpeg"}],"author":"CatedraUS","twitter_card":"summary_large_image","twitter_misc":{"Escrito por":"CatedraUS","Tiempo de lectura":"1 minuto"},"schema":{"@context":"https:\/\/schema.org","@graph":[{"@type":"WebPage","@id":"https:\/\/catedra.us.es\/catedrartveus\/mesa-redonda-de-futuros-cercanos-y-posibles-para-gittcus\/","url":"https:\/\/catedra.us.es\/catedrartveus\/mesa-redonda-de-futuros-cercanos-y-posibles-para-gittcus\/","name":"Mesa Redonda de Futuros Cercanos y Posibles para GITTCUS - C\u00e1tedra RTVE Universidad de Sevilla","isPartOf":{"@id":"https:\/\/catedra.us.es\/catedrartveus\/#website"},"primaryImageOfPage":{"@id":"https:\/\/catedra.us.es\/catedrartveus\/mesa-redonda-de-futuros-cercanos-y-posibles-para-gittcus\/#primaryimage"},"image":{"@id":"https:\/\/catedra.us.es\/catedrartveus\/mesa-redonda-de-futuros-cercanos-y-posibles-para-gittcus\/#primaryimage"},"thumbnailUrl":"https:\/\/catedra.us.es\/catedrartveus\/wp-content\/uploads\/2025\/02\/Emplazados-y-desplazados-01.jpg","datePublished":"2024-04-06T08:49:34+00:00","dateModified":"2025-02-12T09:51:03+00:00","author":{"@id":"https:\/\/catedra.us.es\/catedrartveus\/#\/schema\/person\/e75a575e55104e5a1256dd7f0faf8339"},"breadcrumb":{"@id":"https:\/\/catedra.us.es\/catedrartveus\/mesa-redonda-de-futuros-cercanos-y-posibles-para-gittcus\/#breadcrumb"},"inLanguage":"es","potentialAction":[{"@type":"ReadAction","target":["https:\/\/catedra.us.es\/catedrartveus\/mesa-redonda-de-futuros-cercanos-y-posibles-para-gittcus\/"]}]},{"@type":"ImageObject","inLanguage":"es","@id":"https:\/\/catedra.us.es\/catedrartveus\/mesa-redonda-de-futuros-cercanos-y-posibles-para-gittcus\/#primaryimage","url":"https:\/\/catedra.us.es\/catedrartveus\/wp-content\/uploads\/2025\/02\/Emplazados-y-desplazados-01.jpg","contentUrl":"https:\/\/catedra.us.es\/catedrartveus\/wp-content\/uploads\/2025\/02\/Emplazados-y-desplazados-01.jpg","width":1900,"height":1109},{"@type":"BreadcrumbList","@id":"https:\/\/catedra.us.es\/catedrartveus\/mesa-redonda-de-futuros-cercanos-y-posibles-para-gittcus\/#breadcrumb","itemListElement":[{"@type":"ListItem","position":1,"name":"Portada","item":"https:\/\/catedra.us.es\/catedrartveus\/"},{"@type":"ListItem","position":2,"name":"Mesa Redonda de Futuros Cercanos y Posibles para GITTCUS"}]},{"@type":"WebSite","@id":"https:\/\/catedra.us.es\/catedrartveus\/#website","url":"https:\/\/catedra.us.es\/catedrartveus\/","name":"C\u00e1tedra RTVE Universidad de Sevilla","description":"","potentialAction":[{"@type":"SearchAction","target":{"@type":"EntryPoint","urlTemplate":"https:\/\/catedra.us.es\/catedrartveus\/?s={search_term_string}"},"query-input":{"@type":"PropertyValueSpecification","valueRequired":true,"valueName":"search_term_string"}}],"inLanguage":"es"},{"@type":"Person","@id":"https:\/\/catedra.us.es\/catedrartveus\/#\/schema\/person\/e75a575e55104e5a1256dd7f0faf8339","name":"CatedraUS","image":{"@type":"ImageObject","inLanguage":"es","@id":"https:\/\/catedra.us.es\/catedrartveus\/#\/schema\/person\/image\/","url":"https:\/\/secure.gravatar.com\/avatar\/8e08cd65b3355284db48df599da36ed1?s=96&d=mm&r=g","contentUrl":"https:\/\/secure.gravatar.com\/avatar\/8e08cd65b3355284db48df599da36ed1?s=96&d=mm&r=g","caption":"CatedraUS"},"sameAs":["https:\/\/catedra.us.es\/catedrartveus"],"url":"https:\/\/catedra.us.es\/catedrartveus\/author\/catedraus\/"}]}},"_links":{"self":[{"href":"https:\/\/catedra.us.es\/catedrartveus\/wp-json\/wp\/v2\/posts\/11296"}],"collection":[{"href":"https:\/\/catedra.us.es\/catedrartveus\/wp-json\/wp\/v2\/posts"}],"about":[{"href":"https:\/\/catedra.us.es\/catedrartveus\/wp-json\/wp\/v2\/types\/post"}],"author":[{"embeddable":true,"href":"https:\/\/catedra.us.es\/catedrartveus\/wp-json\/wp\/v2\/users\/1"}],"replies":[{"embeddable":true,"href":"https:\/\/catedra.us.es\/catedrartveus\/wp-json\/wp\/v2\/comments?post=11296"}],"version-history":[{"count":1,"href":"https:\/\/catedra.us.es\/catedrartveus\/wp-json\/wp\/v2\/posts\/11296\/revisions"}],"predecessor-version":[{"id":11297,"href":"https:\/\/catedra.us.es\/catedrartveus\/wp-json\/wp\/v2\/posts\/11296\/revisions\/11297"}],"wp:featuredmedia":[{"embeddable":true,"href":"https:\/\/catedra.us.es\/catedrartveus\/wp-json\/wp\/v2\/media\/11273"}],"wp:attachment":[{"href":"https:\/\/catedra.us.es\/catedrartveus\/wp-json\/wp\/v2\/media?parent=11296"}],"wp:term":[{"taxonomy":"category","embeddable":true,"href":"https:\/\/catedra.us.es\/catedrartveus\/wp-json\/wp\/v2\/categories?post=11296"},{"taxonomy":"post_tag","embeddable":true,"href":"https:\/\/catedra.us.es\/catedrartveus\/wp-json\/wp\/v2\/tags?post=11296"}],"curies":[{"name":"wp","href":"https:\/\/api.w.org\/{rel}","templated":true}]}}