{"id":9629,"date":"2021-09-01T11:47:00","date_gmt":"2021-09-01T09:47:00","guid":{"rendered":"https:\/\/catedrartveusnet.com\/?p=9629"},"modified":"2024-04-05T10:26:19","modified_gmt":"2024-04-05T08:26:19","slug":"seminario-comunicacion-sociedad","status":"publish","type":"post","link":"https:\/\/catedra.us.es\/catedrartveus\/seminario-comunicacion-sociedad\/","title":{"rendered":"\u00bfQu\u00e9 es el Seminario Comunicaci\u00f3n &#038; Sociedad?"},"content":{"rendered":"<p>El Seminario Permanente Comunicaci\u00f3n y Sociedad se organiza como un\u00a0espacio mensual de debate y reflexi\u00f3n, abierto no solo a la comunidad\u00a0acad\u00e9mica, sino a todo el conjunto de la sociedad. El evento es organizado por el Grupo de Investigaci\u00f3n en Teor\u00eda y Tecnolog\u00eda de la Comunicaci\u00f3n (GITTCUS) en colaboraci\u00f3n con la C\u00e1tedra RTVE-US y se celebra\u00a0durante todo el a\u00f1o acad\u00e9mico, contando con voces tan\u00a0reconocidas en el \u00e1mbito de los contenidos culturales y la creatividad como\u00a0Manuel Broull\u00f3n Lozano (<strong>profesor de la UCM, candidato al Premio de la\u00a0Cr\u00edtica<\/strong>), Vicente Luis Mora (<strong>escritor y cr\u00edtico literario, Premio Torrente\u00a0Ballester, Premio M\u00e1laga de Ensayo<\/strong>), Chantal Maillard (<strong>Premio Nacional de\u00a0Poes\u00eda, Premio de la Cr\u00edtica<\/strong>) o el propio Manuel \u00c1ngel V\u00e1zquez Medel,\u00a0catedr\u00e1tico de Literatura. Aqu\u00ed encontrar\u00e9is todos los eventos del Seminario Permanente Comunicaci\u00f3n y Sociedad<\/p>\n<style>\/*! elementor - v3.6.5 - 27-04-2022 *\/<br \/>.elementor-widget-image{text-align:center}.elementor-widget-image a{display:inline-block}.elementor-widget-image a img[src$=\".svg\"]{width:48px}.elementor-widget-image img{vertical-align:middle;display:inline-block}<\/style>\n<p><img loading=\"lazy\" decoding=\"async\" src=\"https:\/\/catedrartveusnet.com\/wp-content\/uploads\/2022\/05\/GITTCUS-1.jpg\" sizes=\"(max-width: 613px) 100vw, 613px\" srcset=\"https:\/\/i0.wp.com\/catedrartveusnet.com\/wp-content\/uploads\/2022\/05\/GITTCUS-1.jpg?w=613&amp;ssl=1 613w, https:\/\/i0.wp.com\/catedrartveusnet.com\/wp-content\/uploads\/2022\/05\/GITTCUS-1.jpg?resize=300%2C300&amp;ssl=1 300w, https:\/\/i0.wp.com\/catedrartveusnet.com\/wp-content\/uploads\/2022\/05\/GITTCUS-1.jpg?resize=150%2C150&amp;ssl=1 150w, https:\/\/i0.wp.com\/catedrartveusnet.com\/wp-content\/uploads\/2022\/05\/GITTCUS-1.jpg?resize=400%2C400&amp;ssl=1 400w, https:\/\/i0.wp.com\/catedrartveusnet.com\/wp-content\/uploads\/2022\/05\/GITTCUS-1.jpg?resize=200%2C200&amp;ssl=1 200w, https:\/\/i0.wp.com\/catedrartveusnet.com\/wp-content\/uploads\/2022\/05\/GITTCUS-1.jpg?resize=600%2C600&amp;ssl=1 600w, https:\/\/i0.wp.com\/catedrartveusnet.com\/wp-content\/uploads\/2022\/05\/GITTCUS-1.jpg?resize=100%2C100&amp;ssl=1 100w\" alt=\"\" width=\"613\" height=\"613\" \/><\/p>\n","protected":false},"excerpt":{"rendered":"<p>El Seminario Permanente Comunicaci\u00f3n y Sociedad se organiza como un\u00a0espacio mensual de debate y reflexi\u00f3n, abierto no solo a la<\/p>\n","protected":false},"author":1,"featured_media":9530,"comment_status":"open","ping_status":"open","sticky":false,"template":"","format":"standard","meta":{"footnotes":""},"categories":[1],"tags":[],"yoast_head":"<!-- This site is optimized with the Yoast SEO plugin v23.5 - https:\/\/yoast.com\/wordpress\/plugins\/seo\/ -->\n<title>\u00bfQu\u00e9 es el Seminario Comunicaci\u00f3n &amp; Sociedad? - C\u00e1tedra RTVE Universidad de Sevilla<\/title>\n<meta name=\"robots\" content=\"index, follow, max-snippet:-1, max-image-preview:large, max-video-preview:-1\" \/>\n<link rel=\"canonical\" href=\"https:\/\/catedra.us.es\/catedrartveus\/seminario-comunicacion-sociedad\/\" \/>\n<meta property=\"og:locale\" content=\"es_ES\" \/>\n<meta property=\"og:type\" content=\"article\" \/>\n<meta property=\"og:title\" content=\"\u00bfQu\u00e9 es el Seminario Comunicaci\u00f3n &amp; Sociedad? - C\u00e1tedra RTVE Universidad de Sevilla\" \/>\n<meta property=\"og:description\" content=\"El Seminario Permanente Comunicaci\u00f3n y Sociedad se organiza como un\u00a0espacio mensual de debate y reflexi\u00f3n, abierto no solo a la\" \/>\n<meta property=\"og:url\" content=\"https:\/\/catedra.us.es\/catedrartveus\/seminario-comunicacion-sociedad\/\" \/>\n<meta property=\"og:site_name\" content=\"C\u00e1tedra RTVE Universidad de Sevilla\" \/>\n<meta property=\"article:published_time\" content=\"2021-09-01T09:47:00+00:00\" \/>\n<meta property=\"article:modified_time\" content=\"2024-04-05T08:26:19+00:00\" \/>\n<meta property=\"og:image\" content=\"https:\/\/catedra.us.es\/catedrartveus\/wp-content\/uploads\/2022\/05\/GITTCUS-1.jpg\" \/>\n\t<meta property=\"og:image:width\" content=\"613\" \/>\n\t<meta property=\"og:image:height\" content=\"613\" \/>\n\t<meta property=\"og:image:type\" content=\"image\/jpeg\" \/>\n<meta name=\"author\" content=\"CatedraUS\" \/>\n<meta name=\"twitter:card\" content=\"summary_large_image\" \/>\n<meta name=\"twitter:label1\" content=\"Escrito por\" \/>\n\t<meta name=\"twitter:data1\" content=\"CatedraUS\" \/>\n\t<meta name=\"twitter:label2\" content=\"Tiempo de lectura\" \/>\n\t<meta name=\"twitter:data2\" content=\"1 minuto\" \/>\n<script type=\"application\/ld+json\" class=\"yoast-schema-graph\">{\"@context\":\"https:\/\/schema.org\",\"@graph\":[{\"@type\":\"WebPage\",\"@id\":\"https:\/\/catedra.us.es\/catedrartveus\/seminario-comunicacion-sociedad\/\",\"url\":\"https:\/\/catedra.us.es\/catedrartveus\/seminario-comunicacion-sociedad\/\",\"name\":\"\u00bfQu\u00e9 es el Seminario Comunicaci\u00f3n & Sociedad? - C\u00e1tedra RTVE Universidad de Sevilla\",\"isPartOf\":{\"@id\":\"https:\/\/catedra.us.es\/catedrartveus\/#website\"},\"primaryImageOfPage\":{\"@id\":\"https:\/\/catedra.us.es\/catedrartveus\/seminario-comunicacion-sociedad\/#primaryimage\"},\"image\":{\"@id\":\"https:\/\/catedra.us.es\/catedrartveus\/seminario-comunicacion-sociedad\/#primaryimage\"},\"thumbnailUrl\":\"https:\/\/catedra.us.es\/catedrartveus\/wp-content\/uploads\/2022\/05\/GITTCUS-1.jpg\",\"datePublished\":\"2021-09-01T09:47:00+00:00\",\"dateModified\":\"2024-04-05T08:26:19+00:00\",\"author\":{\"@id\":\"https:\/\/catedra.us.es\/catedrartveus\/#\/schema\/person\/e75a575e55104e5a1256dd7f0faf8339\"},\"breadcrumb\":{\"@id\":\"https:\/\/catedra.us.es\/catedrartveus\/seminario-comunicacion-sociedad\/#breadcrumb\"},\"inLanguage\":\"es\",\"potentialAction\":[{\"@type\":\"ReadAction\",\"target\":[\"https:\/\/catedra.us.es\/catedrartveus\/seminario-comunicacion-sociedad\/\"]}]},{\"@type\":\"ImageObject\",\"inLanguage\":\"es\",\"@id\":\"https:\/\/catedra.us.es\/catedrartveus\/seminario-comunicacion-sociedad\/#primaryimage\",\"url\":\"https:\/\/catedra.us.es\/catedrartveus\/wp-content\/uploads\/2022\/05\/GITTCUS-1.jpg\",\"contentUrl\":\"https:\/\/catedra.us.es\/catedrartveus\/wp-content\/uploads\/2022\/05\/GITTCUS-1.jpg\",\"width\":613,\"height\":613},{\"@type\":\"BreadcrumbList\",\"@id\":\"https:\/\/catedra.us.es\/catedrartveus\/seminario-comunicacion-sociedad\/#breadcrumb\",\"itemListElement\":[{\"@type\":\"ListItem\",\"position\":1,\"name\":\"Portada\",\"item\":\"https:\/\/catedra.us.es\/catedrartveus\/\"},{\"@type\":\"ListItem\",\"position\":2,\"name\":\"\u00bfQu\u00e9 es el Seminario Comunicaci\u00f3n &#038; Sociedad?\"}]},{\"@type\":\"WebSite\",\"@id\":\"https:\/\/catedra.us.es\/catedrartveus\/#website\",\"url\":\"https:\/\/catedra.us.es\/catedrartveus\/\",\"name\":\"C\u00e1tedra RTVE Universidad de Sevilla\",\"description\":\"\",\"potentialAction\":[{\"@type\":\"SearchAction\",\"target\":{\"@type\":\"EntryPoint\",\"urlTemplate\":\"https:\/\/catedra.us.es\/catedrartveus\/?s={search_term_string}\"},\"query-input\":{\"@type\":\"PropertyValueSpecification\",\"valueRequired\":true,\"valueName\":\"search_term_string\"}}],\"inLanguage\":\"es\"},{\"@type\":\"Person\",\"@id\":\"https:\/\/catedra.us.es\/catedrartveus\/#\/schema\/person\/e75a575e55104e5a1256dd7f0faf8339\",\"name\":\"CatedraUS\",\"image\":{\"@type\":\"ImageObject\",\"inLanguage\":\"es\",\"@id\":\"https:\/\/catedra.us.es\/catedrartveus\/#\/schema\/person\/image\/\",\"url\":\"https:\/\/secure.gravatar.com\/avatar\/8e08cd65b3355284db48df599da36ed1?s=96&d=mm&r=g\",\"contentUrl\":\"https:\/\/secure.gravatar.com\/avatar\/8e08cd65b3355284db48df599da36ed1?s=96&d=mm&r=g\",\"caption\":\"CatedraUS\"},\"sameAs\":[\"https:\/\/catedra.us.es\/catedrartveus\"],\"url\":\"https:\/\/catedra.us.es\/catedrartveus\/author\/catedraus\/\"}]}<\/script>\n<!-- \/ Yoast SEO plugin. -->","yoast_head_json":{"title":"\u00bfQu\u00e9 es el Seminario Comunicaci\u00f3n & Sociedad? - C\u00e1tedra RTVE Universidad de Sevilla","robots":{"index":"index","follow":"follow","max-snippet":"max-snippet:-1","max-image-preview":"max-image-preview:large","max-video-preview":"max-video-preview:-1"},"canonical":"https:\/\/catedra.us.es\/catedrartveus\/seminario-comunicacion-sociedad\/","og_locale":"es_ES","og_type":"article","og_title":"\u00bfQu\u00e9 es el Seminario Comunicaci\u00f3n & Sociedad? - C\u00e1tedra RTVE Universidad de Sevilla","og_description":"El Seminario Permanente Comunicaci\u00f3n y Sociedad se organiza como un\u00a0espacio mensual de debate y reflexi\u00f3n, abierto no solo a la","og_url":"https:\/\/catedra.us.es\/catedrartveus\/seminario-comunicacion-sociedad\/","og_site_name":"C\u00e1tedra RTVE Universidad de Sevilla","article_published_time":"2021-09-01T09:47:00+00:00","article_modified_time":"2024-04-05T08:26:19+00:00","og_image":[{"width":613,"height":613,"url":"https:\/\/catedra.us.es\/catedrartveus\/wp-content\/uploads\/2022\/05\/GITTCUS-1.jpg","type":"image\/jpeg"}],"author":"CatedraUS","twitter_card":"summary_large_image","twitter_misc":{"Escrito por":"CatedraUS","Tiempo de lectura":"1 minuto"},"schema":{"@context":"https:\/\/schema.org","@graph":[{"@type":"WebPage","@id":"https:\/\/catedra.us.es\/catedrartveus\/seminario-comunicacion-sociedad\/","url":"https:\/\/catedra.us.es\/catedrartveus\/seminario-comunicacion-sociedad\/","name":"\u00bfQu\u00e9 es el Seminario Comunicaci\u00f3n & Sociedad? - C\u00e1tedra RTVE Universidad de Sevilla","isPartOf":{"@id":"https:\/\/catedra.us.es\/catedrartveus\/#website"},"primaryImageOfPage":{"@id":"https:\/\/catedra.us.es\/catedrartveus\/seminario-comunicacion-sociedad\/#primaryimage"},"image":{"@id":"https:\/\/catedra.us.es\/catedrartveus\/seminario-comunicacion-sociedad\/#primaryimage"},"thumbnailUrl":"https:\/\/catedra.us.es\/catedrartveus\/wp-content\/uploads\/2022\/05\/GITTCUS-1.jpg","datePublished":"2021-09-01T09:47:00+00:00","dateModified":"2024-04-05T08:26:19+00:00","author":{"@id":"https:\/\/catedra.us.es\/catedrartveus\/#\/schema\/person\/e75a575e55104e5a1256dd7f0faf8339"},"breadcrumb":{"@id":"https:\/\/catedra.us.es\/catedrartveus\/seminario-comunicacion-sociedad\/#breadcrumb"},"inLanguage":"es","potentialAction":[{"@type":"ReadAction","target":["https:\/\/catedra.us.es\/catedrartveus\/seminario-comunicacion-sociedad\/"]}]},{"@type":"ImageObject","inLanguage":"es","@id":"https:\/\/catedra.us.es\/catedrartveus\/seminario-comunicacion-sociedad\/#primaryimage","url":"https:\/\/catedra.us.es\/catedrartveus\/wp-content\/uploads\/2022\/05\/GITTCUS-1.jpg","contentUrl":"https:\/\/catedra.us.es\/catedrartveus\/wp-content\/uploads\/2022\/05\/GITTCUS-1.jpg","width":613,"height":613},{"@type":"BreadcrumbList","@id":"https:\/\/catedra.us.es\/catedrartveus\/seminario-comunicacion-sociedad\/#breadcrumb","itemListElement":[{"@type":"ListItem","position":1,"name":"Portada","item":"https:\/\/catedra.us.es\/catedrartveus\/"},{"@type":"ListItem","position":2,"name":"\u00bfQu\u00e9 es el Seminario Comunicaci\u00f3n &#038; Sociedad?"}]},{"@type":"WebSite","@id":"https:\/\/catedra.us.es\/catedrartveus\/#website","url":"https:\/\/catedra.us.es\/catedrartveus\/","name":"C\u00e1tedra RTVE Universidad de Sevilla","description":"","potentialAction":[{"@type":"SearchAction","target":{"@type":"EntryPoint","urlTemplate":"https:\/\/catedra.us.es\/catedrartveus\/?s={search_term_string}"},"query-input":{"@type":"PropertyValueSpecification","valueRequired":true,"valueName":"search_term_string"}}],"inLanguage":"es"},{"@type":"Person","@id":"https:\/\/catedra.us.es\/catedrartveus\/#\/schema\/person\/e75a575e55104e5a1256dd7f0faf8339","name":"CatedraUS","image":{"@type":"ImageObject","inLanguage":"es","@id":"https:\/\/catedra.us.es\/catedrartveus\/#\/schema\/person\/image\/","url":"https:\/\/secure.gravatar.com\/avatar\/8e08cd65b3355284db48df599da36ed1?s=96&d=mm&r=g","contentUrl":"https:\/\/secure.gravatar.com\/avatar\/8e08cd65b3355284db48df599da36ed1?s=96&d=mm&r=g","caption":"CatedraUS"},"sameAs":["https:\/\/catedra.us.es\/catedrartveus"],"url":"https:\/\/catedra.us.es\/catedrartveus\/author\/catedraus\/"}]}},"_links":{"self":[{"href":"https:\/\/catedra.us.es\/catedrartveus\/wp-json\/wp\/v2\/posts\/9629"}],"collection":[{"href":"https:\/\/catedra.us.es\/catedrartveus\/wp-json\/wp\/v2\/posts"}],"about":[{"href":"https:\/\/catedra.us.es\/catedrartveus\/wp-json\/wp\/v2\/types\/post"}],"author":[{"embeddable":true,"href":"https:\/\/catedra.us.es\/catedrartveus\/wp-json\/wp\/v2\/users\/1"}],"replies":[{"embeddable":true,"href":"https:\/\/catedra.us.es\/catedrartveus\/wp-json\/wp\/v2\/comments?post=9629"}],"version-history":[{"count":1,"href":"https:\/\/catedra.us.es\/catedrartveus\/wp-json\/wp\/v2\/posts\/9629\/revisions"}],"predecessor-version":[{"id":11105,"href":"https:\/\/catedra.us.es\/catedrartveus\/wp-json\/wp\/v2\/posts\/9629\/revisions\/11105"}],"wp:featuredmedia":[{"embeddable":true,"href":"https:\/\/catedra.us.es\/catedrartveus\/wp-json\/wp\/v2\/media\/9530"}],"wp:attachment":[{"href":"https:\/\/catedra.us.es\/catedrartveus\/wp-json\/wp\/v2\/media?parent=9629"}],"wp:term":[{"taxonomy":"category","embeddable":true,"href":"https:\/\/catedra.us.es\/catedrartveus\/wp-json\/wp\/v2\/categories?post=9629"},{"taxonomy":"post_tag","embeddable":true,"href":"https:\/\/catedra.us.es\/catedrartveus\/wp-json\/wp\/v2\/tags?post=9629"}],"curies":[{"name":"wp","href":"https:\/\/api.w.org\/{rel}","templated":true}]}}