{"id":1110,"date":"2012-02-21T22:38:37","date_gmt":"2012-02-21T20:38:37","guid":{"rendered":"http:\/\/institucional.us.es\/catedratel\/?p=1110"},"modified":"2012-02-21T22:38:37","modified_gmt":"2012-02-21T20:38:37","slug":"primer-green-ict-hackathon","status":"publish","type":"post","link":"https:\/\/catedra.us.es\/catedratel2023\/primer-green-ict-hackathon\/","title":{"rendered":"Primer Green ICT Hackathon"},"content":{"rendered":"<p style=\"text-align: justify;\">Los pr\u00f3ximos d\u00edas 28 y 29 de febrero tendr\u00e1 lugar la primera convocatoria de Green ICT Hackathon, un concurso de aplicaciones para energ\u00eda sostenible.<\/p>\n<p style=\"text-align: justify;\">\n<p style=\"text-align: justify;\">Este evento forma parte del Green ICT Application Challenge de la Uni\u00f3n Internacional de Telecomunicaciones (UIT)\u00a0 y Telef\u00f3nica para promover aplicaciones verdes o \u00abgreen\u00bb para la Energ\u00eda Sostenible.<\/p>\n<p style=\"text-align: justify;\">\n<p style=\"text-align: justify;\">El Green ICT Hackathon se celebrar\u00e1 en el Palau Marbett de Barcelona. Si deseas m\u00e1s informaci\u00f3n o acceder a la inscripci\u00f3n, pincha <a href=\"http:\/\/bit.ly\/xxZeew\">aqu\u00ed<\/a>.<\/p>\n<p style=\"text-align: center;\"><a href=\"http:\/\/catedra.us.es\/catedratel2023\/wp-content\/uploads\/2012\/02\/0212-Green-ICT_invitaci\u00f3n.jpg\"><img loading=\"lazy\" decoding=\"async\" class=\"aligncenter size-medium wp-image-1111\" title=\"0212-Green-ICT_invitaci\u00f3n\" src=\"http:\/\/catedra.us.es\/catedratel2023\/wp-content\/uploads\/2012\/02\/0212-Green-ICT_invitaci\u00f3n-300x212.jpg\" alt=\"\" width=\"300\" height=\"212\" srcset=\"https:\/\/catedra.us.es\/catedratel2023\/wp-content\/uploads\/2012\/02\/0212-Green-ICT_invitaci\u00f3n-300x212.jpg 300w, https:\/\/catedra.us.es\/catedratel2023\/wp-content\/uploads\/2012\/02\/0212-Green-ICT_invitaci\u00f3n-150x106.jpg 150w, https:\/\/catedra.us.es\/catedratel2023\/wp-content\/uploads\/2012\/02\/0212-Green-ICT_invitaci\u00f3n-1024x724.jpg 1024w, https:\/\/catedra.us.es\/catedratel2023\/wp-content\/uploads\/2012\/02\/0212-Green-ICT_invitaci\u00f3n.jpg 1680w\" sizes=\"(max-width: 300px) 100vw, 300px\" \/><\/a><\/p>\n<p>FUENTE: Telef\u00f3nica<\/p>\n","protected":false},"excerpt":{"rendered":"<p>Los pr\u00f3ximos d\u00edas 28 y 29 de febrero tendr\u00e1 lugar la primera convocatoria de Green ICT Hackathon, un concurso de aplicaciones para energ\u00eda sostenible. Este evento forma parte del Green ICT Application Challenge de la Uni\u00f3n Internacional de Telecomunicaciones (UIT)\u00a0 y Telef\u00f3nica para promover aplicaciones verdes o \u00abgreen\u00bb para la Energ\u00eda Sostenible. El Green ICT [&hellip;]<\/p>\n","protected":false},"author":5,"featured_media":0,"comment_status":"open","ping_status":"open","sticky":false,"template":"","format":"standard","meta":{"footnotes":""},"categories":[30,1,9],"tags":[],"acf":[],"_links":{"self":[{"href":"https:\/\/catedra.us.es\/catedratel2023\/wp-json\/wp\/v2\/posts\/1110"}],"collection":[{"href":"https:\/\/catedra.us.es\/catedratel2023\/wp-json\/wp\/v2\/posts"}],"about":[{"href":"https:\/\/catedra.us.es\/catedratel2023\/wp-json\/wp\/v2\/types\/post"}],"author":[{"embeddable":true,"href":"https:\/\/catedra.us.es\/catedratel2023\/wp-json\/wp\/v2\/users\/5"}],"replies":[{"embeddable":true,"href":"https:\/\/catedra.us.es\/catedratel2023\/wp-json\/wp\/v2\/comments?post=1110"}],"version-history":[{"count":2,"href":"https:\/\/catedra.us.es\/catedratel2023\/wp-json\/wp\/v2\/posts\/1110\/revisions"}],"predecessor-version":[{"id":1113,"href":"https:\/\/catedra.us.es\/catedratel2023\/wp-json\/wp\/v2\/posts\/1110\/revisions\/1113"}],"wp:attachment":[{"href":"https:\/\/catedra.us.es\/catedratel2023\/wp-json\/wp\/v2\/media?parent=1110"}],"wp:term":[{"taxonomy":"category","embeddable":true,"href":"https:\/\/catedra.us.es\/catedratel2023\/wp-json\/wp\/v2\/categories?post=1110"},{"taxonomy":"post_tag","embeddable":true,"href":"https:\/\/catedra.us.es\/catedratel2023\/wp-json\/wp\/v2\/tags?post=1110"}],"curies":[{"name":"wp","href":"https:\/\/api.w.org\/{rel}","templated":true}]}}