{"id":1230,"date":"2012-06-03T18:26:27","date_gmt":"2012-06-03T16:26:27","guid":{"rendered":"http:\/\/institucional.us.es\/catedratel\/?p=1230"},"modified":"2012-06-03T18:48:43","modified_gmt":"2012-06-03T16:48:43","slug":"xv-edicion-de-genera","status":"publish","type":"post","link":"https:\/\/catedra.us.es\/catedratel2023\/xv-edicion-de-genera\/","title":{"rendered":"XV edici\u00f3n de Genera"},"content":{"rendered":"<div id=\"_mcePaste\" style=\"text-align: justify;\">Madrid ha sido el lugar elegido para la d\u00e9cimo quinta edici\u00f3n de la feria Genera, que este a\u00f1o ha prestado un especial inter\u00e9s por temas como la generaci\u00f3n distribuida y los edificios de consumo energ\u00e9tico casi nulo.<\/div>\n<p style=\"text-align: justify;\">\n<div id=\"_mcePaste\" style=\"text-align: justify;\">Esta cita Internacional del sector energ\u00e9tico y del medio ambiente ha reunido a 516 empresas de 26 pa\u00edses y ha sido inaugurada por Jos\u00e9 Manuel Soria, Ministro de Industria, Energ\u00eda y Turismo. Entre las conferencias t\u00e9cnicas previstas se ha llevado a cabo una jornada de transferencia de tecnolog\u00eda en energ\u00eda renovable y medio ambiente, organizada por la Fundaci\u00f3n Madri+d y que ha contado con el apoyo de Asociaci\u00f3n de Parques Cient\u00edficos y Tecnol\u00f3gicos de Espa\u00f1a (APTE). La jornada ha reunido a m\u00e1s de 260 participantes, de los cuales 43 eran entidades ubicadas en parques miembros de APTE, es decir, el 16,4% de las empresas participantes en los encuentro bilaterales est\u00e1n instaladas en parques cient\u00edficos y tecnol\u00f3gicos miembros de la Asociaci\u00f3n.<\/div>\n<p style=\"text-align: justify;\">\n<div id=\"_mcePaste\" style=\"text-align: justify;\"><a href=\"http:\/\/catedra.us.es\/catedratel2023\/wp-content\/uploads\/2012\/06\/GENERA2012.jpg\"><img loading=\"lazy\" decoding=\"async\" class=\"alignright size-medium wp-image-1239\" title=\"GENERA2012\" src=\"http:\/\/catedra.us.es\/catedratel2023\/wp-content\/uploads\/2012\/06\/GENERA2012-300x216.jpg\" alt=\"\" width=\"300\" height=\"216\" srcset=\"https:\/\/catedra.us.es\/catedratel2023\/wp-content\/uploads\/2012\/06\/GENERA2012-300x216.jpg 300w, https:\/\/catedra.us.es\/catedratel2023\/wp-content\/uploads\/2012\/06\/GENERA2012-150x108.jpg 150w, https:\/\/catedra.us.es\/catedratel2023\/wp-content\/uploads\/2012\/06\/GENERA2012.jpg 700w\" sizes=\"(max-width: 300px) 100vw, 300px\" \/><\/a>Adem\u00e1s, han participado con stand en la feria otras 10 empresas de parques. En total, 53 entidades ubicadas en 19 parques cient\u00edficos y tecnol\u00f3gicos que han estado en contacto con las principales empresas del sector energ\u00e9tico y del medio ambiente, tanto a nivel nacional como internacional, durante los d\u00edas 23, 24 y 25 de mayo. Estos parques son: el Parque Cient\u00edfico de Madrid, Parque Cient\u00edfico y Tecnol\u00f3gico de Bizkaia, Parque Tecnol\u00f3gico de Asturias, Parque Tecnol\u00f3gico de Ciencias de la Salud de Granada, Parque Tecnol\u00f3gico de San Sebasti\u00e1n, Parques Tecnol\u00f3gicos de Castilla y Le\u00f3n, Technova Barcelona, Parc Cient\u00edfic Barcelona, Parc Cient\u00edfic Universitat de Val\u00e8ncia, Parque Cient\u00edfico de Legan\u00e9s Tecnol\u00f3gico (UC3M), Parque Cient\u00edfico Tecnol\u00f3gico de la Universidad de Burgos, Parque Cient\u00edfico y Tecnol\u00f3gico Cartuja, Parque Cient\u00edfico y Tecnol\u00f3gico de Extremadura, Parque Tecnol\u00f3gico de \u00c1lava, Parque Cient\u00edfico y Tecnol\u00f3gico de Albacete, Parque Tecnol\u00f3gico de Andaluc\u00eda, TecnoAlcal\u00e1, Parque Cient\u00edfico-Tecnol\u00f3gico de la Universidad de Alcal\u00e1, Parque Cient\u00edfico y Tecnol\u00f3gico de la Universidad Polit\u00e9cnica de Madrid, y Val\u00e8ncia Parc Tecnol\u00f2gic.<\/div>\n<p style=\"text-align: justify;\">\n<div id=\"_mcePaste\" style=\"text-align: justify;\">El sector que ha contado con una mayor presencia en la Feria ha sido \u00a0el de \u00a0la energ\u00eda Solar-Fotovoltaica (19,6%) seguido de Eficiencia Energ\u00e9tica (12,5%), \u00a0Biomasa y Residuos (10,2%), \u00a0Cogeneraci\u00f3n (7,5%) y Solar-T\u00e9rmica (7,1%). En la feria tambi\u00e9n estuvieron representados otros sectores como la energ\u00eda \u00a0geot\u00e9rmica, \u00a0e\u00f3lica, \u00a0gas, hidr\u00e1ulica, hidr\u00f3geno y pila de combustible, movilidad, servicios energ\u00e9ticos y otras energ\u00edas.<\/div>\n<p style=\"text-align: justify;\">\n<p style=\"text-align: justify;\">FUENTE: Asociaci\u00f3n de Parques Cient\u00edficos y Tecnol\u00f3gicos de Espa\u00f1a<\/p>\n","protected":false},"excerpt":{"rendered":"<p>Madrid ha sido el lugar elegido para la d\u00e9cimo quinta edici\u00f3n de la feria Genera, que este a\u00f1o ha prestado un especial inter\u00e9s por temas como la generaci\u00f3n distribuida y los edificios de consumo energ\u00e9tico casi nulo. Esta cita Internacional del sector energ\u00e9tico y del medio ambiente ha reunido a 516 empresas de 26 pa\u00edses [&hellip;]<\/p>\n","protected":false},"author":5,"featured_media":0,"comment_status":"open","ping_status":"open","sticky":false,"template":"","format":"standard","meta":{"footnotes":""},"categories":[30,1,9],"tags":[],"acf":[],"_links":{"self":[{"href":"https:\/\/catedra.us.es\/catedratel2023\/wp-json\/wp\/v2\/posts\/1230"}],"collection":[{"href":"https:\/\/catedra.us.es\/catedratel2023\/wp-json\/wp\/v2\/posts"}],"about":[{"href":"https:\/\/catedra.us.es\/catedratel2023\/wp-json\/wp\/v2\/types\/post"}],"author":[{"embeddable":true,"href":"https:\/\/catedra.us.es\/catedratel2023\/wp-json\/wp\/v2\/users\/5"}],"replies":[{"embeddable":true,"href":"https:\/\/catedra.us.es\/catedratel2023\/wp-json\/wp\/v2\/comments?post=1230"}],"version-history":[{"count":4,"href":"https:\/\/catedra.us.es\/catedratel2023\/wp-json\/wp\/v2\/posts\/1230\/revisions"}],"predecessor-version":[{"id":1240,"href":"https:\/\/catedra.us.es\/catedratel2023\/wp-json\/wp\/v2\/posts\/1230\/revisions\/1240"}],"wp:attachment":[{"href":"https:\/\/catedra.us.es\/catedratel2023\/wp-json\/wp\/v2\/media?parent=1230"}],"wp:term":[{"taxonomy":"category","embeddable":true,"href":"https:\/\/catedra.us.es\/catedratel2023\/wp-json\/wp\/v2\/categories?post=1230"},{"taxonomy":"post_tag","embeddable":true,"href":"https:\/\/catedra.us.es\/catedratel2023\/wp-json\/wp\/v2\/tags?post=1230"}],"curies":[{"name":"wp","href":"https:\/\/api.w.org\/{rel}","templated":true}]}}