{"id":2627,"date":"2015-06-29T19:10:12","date_gmt":"2015-06-29T17:10:12","guid":{"rendered":"http:\/\/institucional.us.es\/catedratel\/?p=2627"},"modified":"2015-06-29T19:10:12","modified_gmt":"2015-06-29T17:10:12","slug":"foro-transfiere-marca-los-objetivos-para-su-proxima-edicion","status":"publish","type":"post","link":"https:\/\/catedra.us.es\/catedratel2023\/foro-transfiere-marca-los-objetivos-para-su-proxima-edicion\/","title":{"rendered":"Foro Transfiere marca los objetivos para su pr\u00f3xima edici\u00f3n"},"content":{"rendered":"<p style=\"text-align: justify;\">La sede del Ministerio de Econom\u00eda y Competitividad en Madrid ha acogido la reuni\u00f3n de <strong>Transfiere 2016 <\/strong>con la asistencia de los representantes de su comit\u00e9 organizador, que ha establecido los objetivos para la pr\u00f3xima convocatoria, prevista en el Palacio de Ferias y Congresos de M\u00e1laga (Fycma) los d\u00edas <strong>10 y 11 de febrero de 2016.<\/strong><\/p>\n<p style=\"text-align: justify;\">Es la segunda vez que el comit\u00e9 de Transfiere se re\u00fane para continuar con las l\u00edneas maestras que se fijaron el pasado mes de abril, tambi\u00e9n en Madrid. As\u00ed pues, en la edici\u00f3n de 2016 <strong>se reforzar\u00e1 la presencia del sector de la financiaci\u00f3n con la asistencia de fondos de inversi\u00f3n as\u00ed como buscar la presencia de grandes empresas demandantes de tecnolog\u00edas.<\/strong><\/p>\n<p style=\"text-align: justify;\">Asimismo, y siguiendo con la iniciativa implantada en la \u00faltima convocatoria de incorporar a un pa\u00eds invitado para analizar en profundidad su modelo de innovaci\u00f3n, la pr\u00f3xima edici\u00f3n de Foro Transfiere contar\u00e1 con la presencia de una delegaci\u00f3n procedente de Corea del Sur. Cabe destacar que la edici\u00f3n 2015, celebrada los d\u00edas 11 y 12 del pasado mes de febrero, fue la m\u00e1s internacional hasta el momento, con la presencia de 26 pa\u00edses de todo el mundo e Israel como naci\u00f3n invitada.<\/p>\n<p style=\"text-align: justify;\">El evento, que se ha consolidado como la <strong>principal cita nacional sobre I+D+i<\/strong>, viene avalada por los datos de la edici\u00f3n anterior, en el que se dieron cita m\u00e1s de 2.300 profesionales del sector y hubo 5.000 reuniones de trabajo en apenas d\u00eda y medio. As\u00ed, Transfiere toma como base la necesidad de fomentar el di\u00e1logo entre el tejido investigador y la empresa para potenciar la innovaci\u00f3n espa\u00f1ola en el \u00e1mbito global.<\/p>\n<p style=\"text-align: justify;\">As\u00ed pues, se incorporar\u00e1 una agenda de citas online para la celebraci\u00f3n de reuniones en torno a los <strong>principales sectores productivos, tales como el las TICs, la sanidad, el medio ambiente, la infraestructura y el transporte, la industria, la energ\u00eda, y los sectores agroalimentario, aeron\u00e1utico y aeroespacial sin olvidar las administraciones p\u00fablicas.<\/strong><\/p>\n<p style=\"text-align: justify;\">En Transfiere se re\u00fanen cada a\u00f1o agentes p\u00fablicos y privados vinculados al ecosistema del I+D+i, as\u00ed como a profesionales independientes y representantes de pymes y multinacionales, administraciones p\u00fablicas, universidades, centros tecnol\u00f3gicos y parques cient\u00edficos y tecnol\u00f3gicos entre otros.<\/p>\n<p style=\"text-align: justify;\">En febrero de 2015 fueron m\u00e1s de 450 las entidades p\u00fablicas y privadas participantes en el foro, que se consolida como escaparte prioritario de la innovaci\u00f3n espa\u00f1ola al aglutinar 2.050 perfiles tecnol\u00f3gicos, medio centenar de universidades , 220 grupos de investigaci\u00f3n y m\u00e1s de 130 expertos internacionales en su programa de conferencias y mesas redondas.<\/p>\n<p>FUENTE: www.reta.es\/es<\/p>\n","protected":false},"excerpt":{"rendered":"<p>La sede del Ministerio de Econom\u00eda y Competitividad en Madrid ha acogido la reuni\u00f3n de Transfiere 2016 con la asistencia de los representantes de su comit\u00e9 organizador, que ha establecido los objetivos para la pr\u00f3xima convocatoria, prevista en el Palacio de Ferias y Congresos de M\u00e1laga (Fycma) los d\u00edas 10 y 11 de febrero de [&hellip;]<\/p>\n","protected":false},"author":5,"featured_media":0,"comment_status":"open","ping_status":"open","sticky":false,"template":"","format":"standard","meta":{"footnotes":""},"categories":[30,55,1,84,9,855,35],"tags":[1809,390,1810,1389,592,1379,39,1813,741,1808,1646,184,1279,1404,477,1815,1811,1395,1812,1814,1816,261,358,1408,1407,1409,206,205,2302,276,728,1384],"acf":[],"_links":{"self":[{"href":"https:\/\/catedra.us.es\/catedratel2023\/wp-json\/wp\/v2\/posts\/2627"}],"collection":[{"href":"https:\/\/catedra.us.es\/catedratel2023\/wp-json\/wp\/v2\/posts"}],"about":[{"href":"https:\/\/catedra.us.es\/catedratel2023\/wp-json\/wp\/v2\/types\/post"}],"author":[{"embeddable":true,"href":"https:\/\/catedra.us.es\/catedratel2023\/wp-json\/wp\/v2\/users\/5"}],"replies":[{"embeddable":true,"href":"https:\/\/catedra.us.es\/catedratel2023\/wp-json\/wp\/v2\/comments?post=2627"}],"version-history":[{"count":1,"href":"https:\/\/catedra.us.es\/catedratel2023\/wp-json\/wp\/v2\/posts\/2627\/revisions"}],"predecessor-version":[{"id":2628,"href":"https:\/\/catedra.us.es\/catedratel2023\/wp-json\/wp\/v2\/posts\/2627\/revisions\/2628"}],"wp:attachment":[{"href":"https:\/\/catedra.us.es\/catedratel2023\/wp-json\/wp\/v2\/media?parent=2627"}],"wp:term":[{"taxonomy":"category","embeddable":true,"href":"https:\/\/catedra.us.es\/catedratel2023\/wp-json\/wp\/v2\/categories?post=2627"},{"taxonomy":"post_tag","embeddable":true,"href":"https:\/\/catedra.us.es\/catedratel2023\/wp-json\/wp\/v2\/tags?post=2627"}],"curies":[{"name":"wp","href":"https:\/\/api.w.org\/{rel}","templated":true}]}}