{"id":887,"date":"2011-09-17T14:11:34","date_gmt":"2011-09-17T12:11:34","guid":{"rendered":"http:\/\/institucional.us.es\/catedratel\/?p=887"},"modified":"2011-09-17T14:11:34","modified_gmt":"2011-09-17T12:11:34","slug":"vi-encuentro-fedit-en-malaga","status":"publish","type":"post","link":"https:\/\/catedra.us.es\/catedratel2023\/vi-encuentro-fedit-en-malaga\/","title":{"rendered":"VI Encuentro Fedit en M\u00e1laga"},"content":{"rendered":"<p style=\"text-align: justify;\">Por sexto a\u00f1o consecutivo Fedit organiza el Encuentro Nacional de Centros Tecnol\u00f3gicos, que se presenta en esta edici\u00f3n con\u00a0importantes novedades motivadas por la evoluci\u00f3n de las necesidades de los propios Centros que nos han ido trasladando.<\/p>\n<p style=\"text-align: justify;\">\n<p style=\"text-align: justify;\">Este evento, que tendr\u00e1 lugar los d\u00edas 25 y 26 de octubre en M\u00e1laga, es una evoluci\u00f3n de la Feria tecnol\u00f3gica que ten\u00eda lugar tradicionalmente durante la ma\u00f1ana del primer d\u00eda de Encuentro. La principal diferencia es que en esta Feria Tecnol\u00f3gica habr\u00e1\u00a0presencia importante de empresas\u00a0que acudir\u00e1n al evento como visitantes.<\/p>\n<p style=\"text-align: justify;\">\nLa Feria Tecnol\u00f3gica es un evento de un d\u00eda de duraci\u00f3n, en formato feria, en el que los Centros de Investigaci\u00f3n ser\u00e1n expositores y las empresas visitantes. La conexi\u00f3n de I+D y Mercado es el principal objetivo de la Feria Tecnol\u00f3gica 2011, de modo que se conecten las capacidades de los centros de investigaci\u00f3n del pa\u00eds con las demandas tecnol\u00f3gicas del tejido industrial.<\/p>\n<p style=\"text-align: justify;\">\n<p style=\"text-align: justify;\">Se trata una iniciativa pionera en Espa\u00f1a que pretende acercar los resultados de investigaci\u00f3n de Centros Tecnol\u00f3gicos, Universidades y OPIs al mundo empresarial. El evento es de un d\u00eda de duraci\u00f3n y tendr\u00e1 el formato de una feria industrial en la que los expositores ser\u00e1n centros de investigaci\u00f3n que ofrecer\u00e1n sus capacidades y servicios a los visitantes, que ser\u00e1n empresas.<\/p>\n<p style=\"text-align: justify;\">En esta primera edici\u00f3n se espera reunir am\u00e1s de 40 centros de investigaci\u00f3n y alrededor de 200 empresas que ser\u00e1n testigos de la oferta tecnol\u00f3gica all\u00ed presente. Adem\u00e1s, gracias al acuerdo entre Fedit y Emtech Spain, la Conferencia de Tecnolog\u00edas del MIT Technology Review, que coinciden el d\u00eda 26 en el Palacio de Congresos de M\u00e1laga, se espera la\u00a0visita a la Feria de numerosos l\u00edderes empresariales e inversores a nivel internacional.<\/p>\n<p style=\"text-align: justify;\">\n<p style=\"text-align: justify;\">Asimismo, el Encuentro Fedit es el foro anual de los tecn\u00f3logos e investigadores. Tiene una clara orientaci\u00f3n formativa y colaborativa, dirigido a investigadores y tecn\u00f3logos de los organismos de investigaci\u00f3n que se inscriban. En este\u00a0espacio los investigadores de Centros Tecnol\u00f3gicos y otros organismos de investigaci\u00f3n de todo el pa\u00eds, se forman, se conocen mejor\u00a0e intercambian conocimiento.<\/p>\n<p style=\"text-align: justify;\">Despu\u00e9s de seis ediciones, en 2011\u00a0el Encuentro Fedit ha evolucionado\u00a0reduciendo su dimensi\u00f3n, dirigiendo sus esfuerzos a ofrecer un valor a\u00f1adido en conocimiento a los investigadores.<\/p>\n<p style=\"text-align: justify;\">\n<p style=\"text-align: justify;\">Para m\u00e1s informaci\u00f3n pinche <a href=\"http:\/\/www.enfedit.com\/\">aqu\u00ed<\/a>.<\/p>\n<p style=\"text-align: justify;\">FUENTE: Red de Espacios Tecnol\u00f3gicos de Andaluc\u00eda<\/p>\n","protected":false},"excerpt":{"rendered":"<p>Por sexto a\u00f1o consecutivo Fedit organiza el Encuentro Nacional de Centros Tecnol\u00f3gicos, que se presenta en esta edici\u00f3n con\u00a0importantes novedades motivadas por la evoluci\u00f3n de las necesidades de los propios Centros que nos han ido trasladando. Este evento, que tendr\u00e1 lugar los d\u00edas 25 y 26 de octubre en M\u00e1laga, es una evoluci\u00f3n de la [&hellip;]<\/p>\n","protected":false},"author":5,"featured_media":0,"comment_status":"open","ping_status":"open","sticky":false,"template":"","format":"standard","meta":{"footnotes":""},"categories":[30,9],"tags":[],"acf":[],"_links":{"self":[{"href":"https:\/\/catedra.us.es\/catedratel2023\/wp-json\/wp\/v2\/posts\/887"}],"collection":[{"href":"https:\/\/catedra.us.es\/catedratel2023\/wp-json\/wp\/v2\/posts"}],"about":[{"href":"https:\/\/catedra.us.es\/catedratel2023\/wp-json\/wp\/v2\/types\/post"}],"author":[{"embeddable":true,"href":"https:\/\/catedra.us.es\/catedratel2023\/wp-json\/wp\/v2\/users\/5"}],"replies":[{"embeddable":true,"href":"https:\/\/catedra.us.es\/catedratel2023\/wp-json\/wp\/v2\/comments?post=887"}],"version-history":[{"count":3,"href":"https:\/\/catedra.us.es\/catedratel2023\/wp-json\/wp\/v2\/posts\/887\/revisions"}],"predecessor-version":[{"id":890,"href":"https:\/\/catedra.us.es\/catedratel2023\/wp-json\/wp\/v2\/posts\/887\/revisions\/890"}],"wp:attachment":[{"href":"https:\/\/catedra.us.es\/catedratel2023\/wp-json\/wp\/v2\/media?parent=887"}],"wp:term":[{"taxonomy":"category","embeddable":true,"href":"https:\/\/catedra.us.es\/catedratel2023\/wp-json\/wp\/v2\/categories?post=887"},{"taxonomy":"post_tag","embeddable":true,"href":"https:\/\/catedra.us.es\/catedratel2023\/wp-json\/wp\/v2\/tags?post=887"}],"curies":[{"name":"wp","href":"https:\/\/api.w.org\/{rel}","templated":true}]}}