{"id":1147,"date":"2020-02-18T10:55:57","date_gmt":"2020-02-18T10:55:57","guid":{"rendered":"http:\/\/catedra.us.es\/eemedioambiente\/?p=1147"},"modified":"2020-03-11T10:27:59","modified_gmt":"2020-03-11T10:27:59","slug":"xiii-jornada-de-economia-y-medio-ambiente-acciones-y-desafio-en-la-transicion-a-una-economia-neutra-en-emisiones-contaminantes","status":"publish","type":"post","link":"https:\/\/catedra.us.es\/eemedioambiente\/seminarios-y-actividades\/xiii-jornada-de-economia-y-medio-ambiente-acciones-y-desafio-en-la-transicion-a-una-economia-neutra-en-emisiones-contaminantes\/","title":{"rendered":"XIII Jornada de Econom\u00eda y Medio Ambiente: Acciones y desaf\u00edo en la transici\u00f3n a una econom\u00eda neutra en emisiones contaminantes &#8211; APLAZADA"},"content":{"rendered":"\n<p><strong>FECHA DE CELEBRACI\u00d3N APLAZADA<\/strong><\/p>\n\n\n\n<p>Bajo la direcci\u00f3n de la profesora Dra. Mar\u00eda Teresa Sanz, tendr\u00e1 lugar en el Sal\u00f3n de Grados de la Facultad de Ciencias Econ\u00f3micas y Empresariales de la Universidad de Sevilla, la <strong>XIII Jornada de Econom\u00eda y Medio Ambiente: Acciones y desaf\u00edo en la transici\u00f3n a una econom\u00eda neutra en emisiones contaminantes<\/strong>, organizada por la C\u00e1tedra de Econom\u00eda de la Energ\u00eda y del Medio Ambiente (Red El\u00e9ctrica de Espa\u00f1a-Universidad de Sevilla) gracias a la colaboraci\u00f3n de Red El\u00e9ctrica de Espa\u00f1a, el Instituto de Econom\u00eda y Negocio de la Universidad de Sevilla y el Departamento de An\u00e1lisis Econ\u00f3mico y Econom\u00eda Pol\u00edtica de la Universidad de Sevilla.<\/p>\n\n\n\n<p>Inscripci\u00f3n libre hasta completar aforo. Enviar solicitud al correo electr\u00f3nico: <strong>jeconomiayma@gmail.com<\/strong><\/p>\n\n\n\n<p><a href=\"http:\/\/catedra.us.es\/eemedioambiente\/wp-content\/uploads\/2020\/03\/diptico.pdf\">D\u00edptico&nbsp;informativo<\/a><\/p>\n","protected":false},"excerpt":{"rendered":"<p>FECHA DE CELEBRACI\u00d3N APLAZADA Bajo la direcci\u00f3n de la profesora Dra. Mar\u00eda Teresa Sanz, tendr\u00e1 lugar en el Sal\u00f3n de Grados de la Facultad de Ciencias Econ\u00f3micas y Empresariales de la Universidad de Sevilla, la XIII Jornada de Econom\u00eda y Medio Ambiente: Acciones y desaf\u00edo en la transici\u00f3n a una econom\u00eda neutra en emisiones contaminantes, [&hellip;]<\/p>\n","protected":false},"author":1,"featured_media":0,"comment_status":"open","ping_status":"open","sticky":false,"template":"","format":"standard","meta":[],"categories":[5],"tags":[],"_links":{"self":[{"href":"https:\/\/catedra.us.es\/eemedioambiente\/wp-json\/wp\/v2\/posts\/1147"}],"collection":[{"href":"https:\/\/catedra.us.es\/eemedioambiente\/wp-json\/wp\/v2\/posts"}],"about":[{"href":"https:\/\/catedra.us.es\/eemedioambiente\/wp-json\/wp\/v2\/types\/post"}],"author":[{"embeddable":true,"href":"https:\/\/catedra.us.es\/eemedioambiente\/wp-json\/wp\/v2\/users\/1"}],"replies":[{"embeddable":true,"href":"https:\/\/catedra.us.es\/eemedioambiente\/wp-json\/wp\/v2\/comments?post=1147"}],"version-history":[{"count":0,"href":"https:\/\/catedra.us.es\/eemedioambiente\/wp-json\/wp\/v2\/posts\/1147\/revisions"}],"wp:attachment":[{"href":"https:\/\/catedra.us.es\/eemedioambiente\/wp-json\/wp\/v2\/media?parent=1147"}],"wp:term":[{"taxonomy":"category","embeddable":true,"href":"https:\/\/catedra.us.es\/eemedioambiente\/wp-json\/wp\/v2\/categories?post=1147"},{"taxonomy":"post_tag","embeddable":true,"href":"https:\/\/catedra.us.es\/eemedioambiente\/wp-json\/wp\/v2\/tags?post=1147"}],"curies":[{"name":"wp","href":"https:\/\/api.w.org\/{rel}","templated":true}]}}