{"id":1171,"date":"2020-03-05T12:04:58","date_gmt":"2020-03-05T12:04:58","guid":{"rendered":"http:\/\/catedra.us.es\/eemedioambiente\/?p=1171"},"modified":"2020-03-11T10:26:57","modified_gmt":"2020-03-11T10:26:57","slug":"conferencia-inaugural-2020-de-la-catedra-de-economia-de-la-energia-y-del-medio-ambiente","status":"publish","type":"post","link":"https:\/\/catedra.us.es\/eemedioambiente\/seminarios-y-actividades\/conferencia-inaugural-2020-de-la-catedra-de-economia-de-la-energia-y-del-medio-ambiente\/","title":{"rendered":"Conferencia Inaugural 2020 de la C\u00e1tedra de Econom\u00eda de la Energ\u00eda y del Medio Ambiente &#8211; APLAZADA"},"content":{"rendered":"\n<p><strong><em>\u00abRetos del sector energ\u00e9tico\u00bb<\/em><\/strong><\/p>\n\n\n\n<p><strong>FECHA DE CELEBRACI\u00d3N APLAZADA<\/strong><\/p>\n\n\n\n<p>Impartida por la<em> <strong>Dra. Mar\u00eda Teresa Costa Campi<\/strong><\/em>, una de las principales expertas espa\u00f1olas e internacionales en el sector el\u00e9ctrico, Catedr\u00e1tica de Econom\u00eda de la Universidad de Barcelona, Directora de la C\u00e1tedra de Sostenibilidad Energ\u00e9tica e investigadora del Instituto de Econom\u00eda de Barcelona, Ex Presidenta de la Comisi\u00f3n Nacional de la Energ\u00eda (CNE) y Ex presidenta de la Asociaci\u00f3n de Reguladores Iberoamericanos de la Energ\u00eda (ARIAE), investigadora en pol\u00edtica industrial y energ\u00e9tica, factores de localizaci\u00f3n empresarial y desarrollo econ\u00f3mico y Premio Energ\u00eda y Sociedad en 2019 entre otros m\u00e9ritos.<\/p>\n\n\n\n<p>Organiza la C\u00e1tedra de la Econom\u00eda de la Energ\u00eda y del Medio Ambiente en el marco de la XIII Jornada de Econom\u00eda y Medio Ambiente.<\/p>\n\n\n\n<p>Patrocinan: Red El\u00e9ctrica de Espa\u00f1a, el Instituto de Econom\u00eda y Negocios de la Universidad de Sevilla y el Departamento&nbsp;de An\u00e1lisis Econ\u00f3mico y Econom\u00eda Pol\u00edtica de la Universidad de Sevilla.<\/p>\n\n\n\n<p>Lugar:<\/p>\n\n\n\n<p>Sal\u00f3n de grados. Facultad de Ciencias Econ\u00f3micas y Empresariales.<br>Universidad de Sevilla<br>(Avda. Ram\u00f3n y Cajal n\u00ba 1. Sevilla)<\/p>\n","protected":false},"excerpt":{"rendered":"<p>\u00abRetos del sector energ\u00e9tico\u00bb FECHA DE CELEBRACI\u00d3N APLAZADA Impartida por la Dra. Mar\u00eda Teresa Costa Campi, una de las principales expertas espa\u00f1olas e internacionales en el sector el\u00e9ctrico, Catedr\u00e1tica de Econom\u00eda de la Universidad de Barcelona, Directora de la C\u00e1tedra de Sostenibilidad Energ\u00e9tica e investigadora del Instituto de Econom\u00eda de Barcelona, Ex Presidenta de la [&hellip;]<\/p>\n","protected":false},"author":1,"featured_media":0,"comment_status":"open","ping_status":"open","sticky":false,"template":"","format":"standard","meta":[],"categories":[5],"tags":[],"_links":{"self":[{"href":"https:\/\/catedra.us.es\/eemedioambiente\/wp-json\/wp\/v2\/posts\/1171"}],"collection":[{"href":"https:\/\/catedra.us.es\/eemedioambiente\/wp-json\/wp\/v2\/posts"}],"about":[{"href":"https:\/\/catedra.us.es\/eemedioambiente\/wp-json\/wp\/v2\/types\/post"}],"author":[{"embeddable":true,"href":"https:\/\/catedra.us.es\/eemedioambiente\/wp-json\/wp\/v2\/users\/1"}],"replies":[{"embeddable":true,"href":"https:\/\/catedra.us.es\/eemedioambiente\/wp-json\/wp\/v2\/comments?post=1171"}],"version-history":[{"count":0,"href":"https:\/\/catedra.us.es\/eemedioambiente\/wp-json\/wp\/v2\/posts\/1171\/revisions"}],"wp:attachment":[{"href":"https:\/\/catedra.us.es\/eemedioambiente\/wp-json\/wp\/v2\/media?parent=1171"}],"wp:term":[{"taxonomy":"category","embeddable":true,"href":"https:\/\/catedra.us.es\/eemedioambiente\/wp-json\/wp\/v2\/categories?post=1171"},{"taxonomy":"post_tag","embeddable":true,"href":"https:\/\/catedra.us.es\/eemedioambiente\/wp-json\/wp\/v2\/tags?post=1171"}],"curies":[{"name":"wp","href":"https:\/\/api.w.org\/{rel}","templated":true}]}}