{"id":1266,"date":"2020-11-10T09:28:31","date_gmt":"2020-11-10T09:28:31","guid":{"rendered":"http:\/\/catedra.us.es\/eemedioambiente\/?p=1266"},"modified":"2020-11-13T09:07:08","modified_gmt":"2020-11-13T09:07:08","slug":"el-riesgo-del-efecto-rebote-en-la-descarbonizacion","status":"publish","type":"post","link":"https:\/\/catedra.us.es\/eemedioambiente\/publicaciones\/el-riesgo-del-efecto-rebote-en-la-descarbonizacion\/","title":{"rendered":"El riesgo del efecto rebote en la descarbonizaci\u00f3n"},"content":{"rendered":"\n<p> Cansino, Jos\u00e9 Manuel  <\/p>\n\n\n\n<p>Cap\u00edtulo en Retos de la transici\u00f3n energ\u00e9tica: Espa\u00f1a\u00a0 ante la descarbonizaci\u00f3n. Coordinador: Pablo Toral. Editorial Sepin. Madrid, 2020. ISBN 978-84-18247-92-7 <\/p>\n\n\n\n<p>\n\nA\u00f1o:&nbsp;2020\n\n<\/p>\n","protected":false},"excerpt":{"rendered":"<p>Cansino, Jos\u00e9 Manuel Cap\u00edtulo en Retos de la transici\u00f3n energ\u00e9tica: Espa\u00f1a\u00a0 ante la descarbonizaci\u00f3n. Coordinador: Pablo Toral. Editorial Sepin. Madrid, 2020. ISBN 978-84-18247-92-7 A\u00f1o:&nbsp;2020<\/p>\n","protected":false},"author":1,"featured_media":0,"comment_status":"open","ping_status":"open","sticky":false,"template":"","format":"standard","meta":[],"categories":[4],"tags":[],"_links":{"self":[{"href":"https:\/\/catedra.us.es\/eemedioambiente\/wp-json\/wp\/v2\/posts\/1266"}],"collection":[{"href":"https:\/\/catedra.us.es\/eemedioambiente\/wp-json\/wp\/v2\/posts"}],"about":[{"href":"https:\/\/catedra.us.es\/eemedioambiente\/wp-json\/wp\/v2\/types\/post"}],"author":[{"embeddable":true,"href":"https:\/\/catedra.us.es\/eemedioambiente\/wp-json\/wp\/v2\/users\/1"}],"replies":[{"embeddable":true,"href":"https:\/\/catedra.us.es\/eemedioambiente\/wp-json\/wp\/v2\/comments?post=1266"}],"version-history":[{"count":0,"href":"https:\/\/catedra.us.es\/eemedioambiente\/wp-json\/wp\/v2\/posts\/1266\/revisions"}],"wp:attachment":[{"href":"https:\/\/catedra.us.es\/eemedioambiente\/wp-json\/wp\/v2\/media?parent=1266"}],"wp:term":[{"taxonomy":"category","embeddable":true,"href":"https:\/\/catedra.us.es\/eemedioambiente\/wp-json\/wp\/v2\/categories?post=1266"},{"taxonomy":"post_tag","embeddable":true,"href":"https:\/\/catedra.us.es\/eemedioambiente\/wp-json\/wp\/v2\/tags?post=1266"}],"curies":[{"name":"wp","href":"https:\/\/api.w.org\/{rel}","templated":true}]}}