{"id":1272,"date":"2020-11-17T09:27:16","date_gmt":"2020-11-17T09:27:16","guid":{"rendered":"http:\/\/catedra.us.es\/eemedioambiente\/?p=1272"},"modified":"2020-11-17T09:28:00","modified_gmt":"2020-11-17T09:28:00","slug":"sumideros-naturales-de-co2-eq-y-sistemas-de-calefaccion-refrigeracion-con-tecnologias-renovables-en-la-transicion-chilena-a-una-economia-neutra-en-emisiones","status":"publish","type":"post","link":"https:\/\/catedra.us.es\/eemedioambiente\/publicaciones\/sumideros-naturales-de-co2-eq-y-sistemas-de-calefaccion-refrigeracion-con-tecnologias-renovables-en-la-transicion-chilena-a-una-economia-neutra-en-emisiones\/","title":{"rendered":"Sumideros naturales de CO2-eq y sistemas de calefacci\u00f3n\/refrigeraci\u00f3n con tecnolog\u00edas renovables en la transici\u00f3n chilena a una econom\u00eda neutra en emisiones"},"content":{"rendered":"\n<p>TESIS DOCTORAL <\/p>\n\n\n\n<p>Autor: D. Roberto Moreno<\/p>\n\n\n\n<p>Directores: \u00a0D. Jos\u00e9 Manuel Cansino Mu\u00f1oz-Repiso y D\u00aa Roc\u00edo Rom\u00e1n Collado <\/p>\n\n\n\n<p>A\u00f1o:2020<\/p>\n\n\n\n<p><\/p>\n","protected":false},"excerpt":{"rendered":"<p>TESIS DOCTORAL Autor: D. Roberto Moreno Directores: \u00a0D. Jos\u00e9 Manuel Cansino Mu\u00f1oz-Repiso y D\u00aa Roc\u00edo Rom\u00e1n Collado A\u00f1o:2020<\/p>\n","protected":false},"author":1,"featured_media":0,"comment_status":"open","ping_status":"open","sticky":false,"template":"","format":"standard","meta":[],"categories":[4],"tags":[12],"_links":{"self":[{"href":"https:\/\/catedra.us.es\/eemedioambiente\/wp-json\/wp\/v2\/posts\/1272"}],"collection":[{"href":"https:\/\/catedra.us.es\/eemedioambiente\/wp-json\/wp\/v2\/posts"}],"about":[{"href":"https:\/\/catedra.us.es\/eemedioambiente\/wp-json\/wp\/v2\/types\/post"}],"author":[{"embeddable":true,"href":"https:\/\/catedra.us.es\/eemedioambiente\/wp-json\/wp\/v2\/users\/1"}],"replies":[{"embeddable":true,"href":"https:\/\/catedra.us.es\/eemedioambiente\/wp-json\/wp\/v2\/comments?post=1272"}],"version-history":[{"count":0,"href":"https:\/\/catedra.us.es\/eemedioambiente\/wp-json\/wp\/v2\/posts\/1272\/revisions"}],"wp:attachment":[{"href":"https:\/\/catedra.us.es\/eemedioambiente\/wp-json\/wp\/v2\/media?parent=1272"}],"wp:term":[{"taxonomy":"category","embeddable":true,"href":"https:\/\/catedra.us.es\/eemedioambiente\/wp-json\/wp\/v2\/categories?post=1272"},{"taxonomy":"post_tag","embeddable":true,"href":"https:\/\/catedra.us.es\/eemedioambiente\/wp-json\/wp\/v2\/tags?post=1272"}],"curies":[{"name":"wp","href":"https:\/\/api.w.org\/{rel}","templated":true}]}}