{"id":1375,"date":"2021-05-12T10:33:36","date_gmt":"2021-05-12T10:33:36","guid":{"rendered":"http:\/\/catedra.us.es\/eemedioambiente\/?p=1375"},"modified":"2021-05-12T10:35:39","modified_gmt":"2021-05-12T10:35:39","slug":"conferencia-clausura-master-en-economia-y-desarrollo","status":"publish","type":"post","link":"https:\/\/catedra.us.es\/eemedioambiente\/seminarios-y-actividades\/conferencia-clausura-master-en-economia-y-desarrollo\/","title":{"rendered":"Conferencia Clausura M\u00e1ster en Econom\u00eda y Desarrollo &#8211; Online"},"content":{"rendered":"\n<p> El <strong>martes 18 de mayo a las 18:00h&nbsp;<\/strong>tendr\u00e1 lugar la&nbsp;<strong>Conferencia de Clausura del&nbsp;&nbsp;M\u00e1ster en Econom\u00eda y Desarrollo (curso 2020- 21), modalidad ONLINE.&nbsp;<\/strong><\/p>\n\n\n\n<p>La conferencia&nbsp; titulada&nbsp;<em><strong>\u201cProyecto FIGARO en las Cuentas Nacionales Europeas y&nbsp;medici\u00f3n del comercio internacional en t\u00e9rminos de valor a\u00f1adido\u201d<\/strong><\/em> ser\u00e1 impartida por el&nbsp;<strong>Dr.&nbsp;D. Jos\u00e9 Manuel Rueda Cantuche<\/strong>&nbsp;(Scientific Officer.&nbsp;European Commission. Joint Research Centre).<br><\/p>\n\n\n\n<p>Podr\u00e1 asistir a trav\u00e9s de la Plataforma de Ense\u00f1anza Virtual \u2013 M.U. Econom\u00eda y Desarrollo  entrando en el siguiente enlace: <a rel=\"noreferrer noopener\" href=\"https:\/\/eu.bbcollab.com\/guest\/fb6976761f1143b39bba831b239e33f3\" target=\"_blank\">https:\/\/eu.bbcollab.com\/guest\/fb6976761f1143b39bba831b239e33f3<\/a><\/p>\n\n\n\n<p><a href=\"http:\/\/catedra.us.es\/eemedioambiente\/wp-content\/uploads\/2021\/05\/Cartel-Conferencia-Clausura-M.U.-Econom\u00eda-y-Desarrollo-Curso-2020-2021.pdf\" target=\"_blank\" rel=\"noreferrer noopener\" aria-label=\"Cartel informativo. (abre en una nueva pesta\u00f1a)\">Cartel informativo.<\/a><\/p>\n","protected":false},"excerpt":{"rendered":"<p>El martes 18 de mayo a las 18:00h&nbsp;tendr\u00e1 lugar la&nbsp;Conferencia de Clausura del&nbsp;&nbsp;M\u00e1ster en Econom\u00eda y Desarrollo (curso 2020- 21), modalidad ONLINE.&nbsp; La conferencia&nbsp; titulada&nbsp;\u201cProyecto FIGARO en las Cuentas Nacionales Europeas y&nbsp;medici\u00f3n del comercio internacional en t\u00e9rminos de valor a\u00f1adido\u201d ser\u00e1 impartida por el&nbsp;Dr.&nbsp;D. Jos\u00e9 Manuel Rueda Cantuche&nbsp;(Scientific Officer.&nbsp;European Commission. Joint Research Centre). Podr\u00e1 asistir [&hellip;]<\/p>\n","protected":false},"author":1,"featured_media":0,"comment_status":"open","ping_status":"open","sticky":false,"template":"","format":"standard","meta":[],"categories":[5],"tags":[],"_links":{"self":[{"href":"https:\/\/catedra.us.es\/eemedioambiente\/wp-json\/wp\/v2\/posts\/1375"}],"collection":[{"href":"https:\/\/catedra.us.es\/eemedioambiente\/wp-json\/wp\/v2\/posts"}],"about":[{"href":"https:\/\/catedra.us.es\/eemedioambiente\/wp-json\/wp\/v2\/types\/post"}],"author":[{"embeddable":true,"href":"https:\/\/catedra.us.es\/eemedioambiente\/wp-json\/wp\/v2\/users\/1"}],"replies":[{"embeddable":true,"href":"https:\/\/catedra.us.es\/eemedioambiente\/wp-json\/wp\/v2\/comments?post=1375"}],"version-history":[{"count":0,"href":"https:\/\/catedra.us.es\/eemedioambiente\/wp-json\/wp\/v2\/posts\/1375\/revisions"}],"wp:attachment":[{"href":"https:\/\/catedra.us.es\/eemedioambiente\/wp-json\/wp\/v2\/media?parent=1375"}],"wp:term":[{"taxonomy":"category","embeddable":true,"href":"https:\/\/catedra.us.es\/eemedioambiente\/wp-json\/wp\/v2\/categories?post=1375"},{"taxonomy":"post_tag","embeddable":true,"href":"https:\/\/catedra.us.es\/eemedioambiente\/wp-json\/wp\/v2\/tags?post=1375"}],"curies":[{"name":"wp","href":"https:\/\/api.w.org\/{rel}","templated":true}]}}