{"id":1428,"date":"2021-09-23T09:29:30","date_gmt":"2021-09-23T09:29:30","guid":{"rendered":"http:\/\/catedra.us.es\/eemedioambiente\/?p=1428"},"modified":"2021-09-23T09:30:05","modified_gmt":"2021-09-23T09:30:05","slug":"crecimiento-economico-consumo-de-energia-del-sector-residencial-y-emisiones-de-co2-en-los-paises-en-transicion-economic-growth-residential-energy-consumption-and-co2-emissions-in-the-economies-in","status":"publish","type":"post","link":"https:\/\/catedra.us.es\/eemedioambiente\/publicaciones\/crecimiento-economico-consumo-de-energia-del-sector-residencial-y-emisiones-de-co2-en-los-paises-en-transicion-economic-growth-residential-energy-consumption-and-co2-emissions-in-the-economies-in\/","title":{"rendered":"Crecimiento econ\u00f3mico, consumo de energ\u00eda del sector residencial y emisiones de CO2 en los pa\u00edses en transici\u00f3n \/ Economic growth, residential energy consumption and CO2 emissions in the economies in transition"},"content":{"rendered":"\n<p>TESIS DOCTORAL<\/p>\n\n\n\n<p>Autora:  D\u00f1a. Anna Galyan <\/p>\n\n\n\n<p>Directores: Dra. D\u00f1a. Mar\u00eda del Populo Pablo-Romero Gil-Delgado y Dr. D. Antonio S\u00e1nchez Braza<\/p>\n\n\n\n<p>A\u00f1o:2021<\/p>\n","protected":false},"excerpt":{"rendered":"<p>TESIS DOCTORAL Autora: D\u00f1a. Anna Galyan Directores: Dra. D\u00f1a. Mar\u00eda del Populo Pablo-Romero Gil-Delgado y Dr. D. Antonio S\u00e1nchez Braza A\u00f1o:2021<\/p>\n","protected":false},"author":1,"featured_media":0,"comment_status":"open","ping_status":"open","sticky":false,"template":"","format":"standard","meta":[],"categories":[4],"tags":[],"_links":{"self":[{"href":"https:\/\/catedra.us.es\/eemedioambiente\/wp-json\/wp\/v2\/posts\/1428"}],"collection":[{"href":"https:\/\/catedra.us.es\/eemedioambiente\/wp-json\/wp\/v2\/posts"}],"about":[{"href":"https:\/\/catedra.us.es\/eemedioambiente\/wp-json\/wp\/v2\/types\/post"}],"author":[{"embeddable":true,"href":"https:\/\/catedra.us.es\/eemedioambiente\/wp-json\/wp\/v2\/users\/1"}],"replies":[{"embeddable":true,"href":"https:\/\/catedra.us.es\/eemedioambiente\/wp-json\/wp\/v2\/comments?post=1428"}],"version-history":[{"count":0,"href":"https:\/\/catedra.us.es\/eemedioambiente\/wp-json\/wp\/v2\/posts\/1428\/revisions"}],"wp:attachment":[{"href":"https:\/\/catedra.us.es\/eemedioambiente\/wp-json\/wp\/v2\/media?parent=1428"}],"wp:term":[{"taxonomy":"category","embeddable":true,"href":"https:\/\/catedra.us.es\/eemedioambiente\/wp-json\/wp\/v2\/categories?post=1428"},{"taxonomy":"post_tag","embeddable":true,"href":"https:\/\/catedra.us.es\/eemedioambiente\/wp-json\/wp\/v2\/tags?post=1428"}],"curies":[{"name":"wp","href":"https:\/\/api.w.org\/{rel}","templated":true}]}}