{"id":1479,"date":"2022-02-23T10:54:03","date_gmt":"2022-02-23T10:54:03","guid":{"rendered":"http:\/\/catedra.us.es\/eemedioambiente\/?p=1479"},"modified":"2024-05-03T08:51:13","modified_gmt":"2024-05-03T08:51:13","slug":"conferencia-inaugural-2022-de-la-catedra-de-economia-de-la-energia-y-del-medio-ambiente","status":"publish","type":"post","link":"https:\/\/catedra.us.es\/eemedioambiente\/seminarios-y-actividades\/conferencia-inaugural-2022-de-la-catedra-de-economia-de-la-energia-y-del-medio-ambiente\/","title":{"rendered":"Conferencia Inaugural 2022 de la C\u00e1tedra de Econom\u00eda de la Energ\u00eda y del Medio Ambiente (V\u00eddeo de la sesi\u00f3n disponible)"},"content":{"rendered":"\n<p><strong><em>\u201cOpciones de reducci\u00f3n de los costes el\u00e9ctricos en el sector industrial espa\u00f1ol en mitad de la escalada de precios\u201d<\/em><\/strong><\/p>\n\n\n\n<p><strong>16 marzo 2022 \u2013 10:00 h<\/strong><\/p>\n\n\n\n<p> Celebrada&nbsp;en el Sal\u00f3n de Grados de la Facultad de Ciencias Econ\u00f3micas y Empresariales&nbsp; dentro de la <strong>XV Jornada de Econom\u00eda y Medio Ambiente<\/strong>. <\/p>\n\n\n\n<p> Impartida por el <strong><em>Dr. Jos\u00e9 Manuel Cansino<\/em><\/strong>, &nbsp;experto nacional e internacional en Econom\u00eda de la Energ\u00eda, destaca por las numerosas publicaciones de primer nivel relacionadas con la energ\u00eda y el medioambiente, Catedr\u00e1tico en Econom\u00eda Aplicada de la Universidad de Sevilla, investigador asociado en la Universidad Aut\u00f3noma de Chile y Director de la C\u00e1tedra de Econom\u00eda de la Energ\u00eda y del Medio Ambiente desde su creaci\u00f3n entre otros m\u00e9ritos.<\/p>\n\n\n\n<p><strong>Organiza:<\/strong><\/p>\n\n\n\n<p>C\u00e1tedra de Econom\u00eda de la Energ\u00eda y del\nMedio Ambiente<a rel=\"noreferrer noopener\" aria-label=\" (abre en una nueva pesta\u00f1a)\" href=\"http:\/\/eee-tech.org\/\" target=\"_blank\">h<\/a><\/p>\n\n\n\n<p><strong>Colaboran:<\/strong><\/p>\n\n\n\n<p>Red El\u00e9ctrica de Espa\u00f1a.<\/p>\n\n\n\n<p>Instituto de Econom\u00eda y Negocio de la Universidad de\nSevilla.<\/p>\n\n\n\n<p>Doctorado en Ciencias Econ\u00f3micas, Empresariales y\nSociales. Universidad de Sevilla.<\/p>\n\n\n\n<p>Dpto. An\u00e1lisis Econ\u00f3mico y Econom\u00eda Pol\u00edtica. Universidad\nde Sevilla<\/p>\n\n\n\n<p>Proyecto RTI 2018-096725-B-100 financiado por\nMCIN\/AEI\/ 10.13039\/501100011033 y por \u201cFEDER Una manera de hacer Europa\u201d <\/p>\n\n\n\n<p>Proyecto US-1260925 de la Universidad de Sevilla\nfinanciado por el Fondo Europeo de Desarrollo Regional (FEDER) y a la\nConsejer\u00eda de Econom\u00eda, Conocimiento, Empresas y Universidad de la Junta de\nAndaluc\u00eda, dentro del Programa Operativo FEDER 2014-2020.0. <\/p>\n\n\n\n<p><strong>Aforo limitado<\/strong><\/p>\n\n\n\n<p>V\u00eddeo de la sesi\u00f3n:<\/p>\n\n\n\n<figure class=\"wp-block-embed is-type-video is-provider-youtube wp-block-embed-youtube wp-embed-aspect-16-9 wp-has-aspect-ratio\"><div class=\"wp-block-embed__wrapper\">\n<p class=\"responsive-video-wrap clr\"><iframe loading=\"lazy\" title=\"XV Jornada de Econom\u00eda y Medio Ambiente. Conferencia inaugural - 16 MAR 2022\" width=\"1200\" height=\"675\" src=\"https:\/\/www.youtube.com\/embed\/Nuolx9aBZmw?list=PLN3difVGao6f-TZEv8m_wGlc0NefdG62R\" frameborder=\"0\" allow=\"accelerometer; autoplay; clipboard-write; encrypted-media; gyroscope; picture-in-picture; web-share\" referrerpolicy=\"strict-origin-when-cross-origin\" allowfullscreen><\/iframe><\/p>\n<\/div><\/figure>\n","protected":false},"excerpt":{"rendered":"<p>\u201cOpciones de reducci\u00f3n de los costes el\u00e9ctricos en el sector industrial espa\u00f1ol en mitad de la escalada de precios\u201d 16 marzo 2022 \u2013 10:00 h Celebrada&nbsp;en el Sal\u00f3n de Grados de la Facultad de Ciencias Econ\u00f3micas y Empresariales&nbsp; dentro de la XV Jornada de Econom\u00eda y Medio Ambiente. Impartida por el Dr. Jos\u00e9 Manuel Cansino, [&hellip;]<\/p>\n","protected":false},"author":1,"featured_media":0,"comment_status":"open","ping_status":"open","sticky":false,"template":"","format":"standard","meta":[],"categories":[5],"tags":[],"_links":{"self":[{"href":"https:\/\/catedra.us.es\/eemedioambiente\/wp-json\/wp\/v2\/posts\/1479"}],"collection":[{"href":"https:\/\/catedra.us.es\/eemedioambiente\/wp-json\/wp\/v2\/posts"}],"about":[{"href":"https:\/\/catedra.us.es\/eemedioambiente\/wp-json\/wp\/v2\/types\/post"}],"author":[{"embeddable":true,"href":"https:\/\/catedra.us.es\/eemedioambiente\/wp-json\/wp\/v2\/users\/1"}],"replies":[{"embeddable":true,"href":"https:\/\/catedra.us.es\/eemedioambiente\/wp-json\/wp\/v2\/comments?post=1479"}],"version-history":[{"count":1,"href":"https:\/\/catedra.us.es\/eemedioambiente\/wp-json\/wp\/v2\/posts\/1479\/revisions"}],"predecessor-version":[{"id":3025,"href":"https:\/\/catedra.us.es\/eemedioambiente\/wp-json\/wp\/v2\/posts\/1479\/revisions\/3025"}],"wp:attachment":[{"href":"https:\/\/catedra.us.es\/eemedioambiente\/wp-json\/wp\/v2\/media?parent=1479"}],"wp:term":[{"taxonomy":"category","embeddable":true,"href":"https:\/\/catedra.us.es\/eemedioambiente\/wp-json\/wp\/v2\/categories?post=1479"},{"taxonomy":"post_tag","embeddable":true,"href":"https:\/\/catedra.us.es\/eemedioambiente\/wp-json\/wp\/v2\/tags?post=1479"}],"curies":[{"name":"wp","href":"https:\/\/api.w.org\/{rel}","templated":true}]}}