{"id":168,"date":"2018-02-24T12:09:58","date_gmt":"2018-02-24T12:09:58","guid":{"rendered":"http:\/\/www.arttium.com\/ruben\/?p=168"},"modified":"2018-02-24T12:09:58","modified_gmt":"2018-02-24T12:09:58","slug":"impacto-sobre-el-desarrollo-economico-local-en-andalucia-del-uso-de-la-biomasa-como-energia-renovable","status":"publish","type":"post","link":"https:\/\/catedra.us.es\/eemedioambiente\/publicaciones\/impacto-sobre-el-desarrollo-economico-local-en-andalucia-del-uso-de-la-biomasa-como-energia-renovable\/","title":{"rendered":"Impacto Sobre el Desarrollo Econ\u00f3mico Local en Andaluc\u00eda del Uso de la Biomasa Como Energ\u00eda Renovable"},"content":{"rendered":"<div class=\"field field-name-field-tipo-publicacion field-type-taxonomy-term-reference field-label-hidden\">\n<div class=\"field-items\">\n<div class=\"field-item even\"><a href=\"http:\/\/catedra.us.es\/eemedioambiente\/publicaciones\/revistas-cient%C3%ADficas\">Revistas cient\u00edficas<\/a><\/div>\n<\/div>\n<\/div>\n<div class=\"field field-name-body field-type-text-with-summary field-label-hidden\">\n<div class=\"field-items\">\n<div class=\"field-item even\">\n<p>M.A. Cardenete, Jose Manuel Gonzalez Limon, Maria Pablo-Romero Gil-Delgado, Rocio Roman Collado<\/p>\n<p>Econom\u00eda Agraria y Recursos Naturales. Vol. 10. N\u00fam. 2. 2010. Pag. 159-182<\/p>\n<\/div>\n<\/div>\n<\/div>\n","protected":false},"excerpt":{"rendered":"<p>Revistas cient\u00edficas M.A. Cardenete, Jose Manuel Gonzalez Limon, Maria Pablo-Romero Gil-Delgado, Rocio Roman Collado Econom\u00eda Agraria y Recursos Naturales. Vol. 10. N\u00fam. 2. 2010. Pag. 159-182<\/p>\n","protected":false},"author":1,"featured_media":0,"comment_status":"closed","ping_status":"closed","sticky":false,"template":"","format":"standard","meta":[],"categories":[4],"tags":[],"_links":{"self":[{"href":"https:\/\/catedra.us.es\/eemedioambiente\/wp-json\/wp\/v2\/posts\/168"}],"collection":[{"href":"https:\/\/catedra.us.es\/eemedioambiente\/wp-json\/wp\/v2\/posts"}],"about":[{"href":"https:\/\/catedra.us.es\/eemedioambiente\/wp-json\/wp\/v2\/types\/post"}],"author":[{"embeddable":true,"href":"https:\/\/catedra.us.es\/eemedioambiente\/wp-json\/wp\/v2\/users\/1"}],"replies":[{"embeddable":true,"href":"https:\/\/catedra.us.es\/eemedioambiente\/wp-json\/wp\/v2\/comments?post=168"}],"version-history":[{"count":0,"href":"https:\/\/catedra.us.es\/eemedioambiente\/wp-json\/wp\/v2\/posts\/168\/revisions"}],"wp:attachment":[{"href":"https:\/\/catedra.us.es\/eemedioambiente\/wp-json\/wp\/v2\/media?parent=168"}],"wp:term":[{"taxonomy":"category","embeddable":true,"href":"https:\/\/catedra.us.es\/eemedioambiente\/wp-json\/wp\/v2\/categories?post=168"},{"taxonomy":"post_tag","embeddable":true,"href":"https:\/\/catedra.us.es\/eemedioambiente\/wp-json\/wp\/v2\/tags?post=168"}],"curies":[{"name":"wp","href":"https:\/\/api.w.org\/{rel}","templated":true}]}}