{"id":179,"date":"2018-02-24T12:15:45","date_gmt":"2018-02-24T12:15:45","guid":{"rendered":"http:\/\/www.arttium.com\/ruben\/?p=179"},"modified":"2018-12-20T12:21:18","modified_gmt":"2018-12-20T12:21:18","slug":"promotion-of-biofuel-consumption-in-the-transport-sector-an-eu-27-perspective","status":"publish","type":"post","link":"https:\/\/catedra.us.es\/eemedioambiente\/publicaciones\/promotion-of-biofuel-consumption-in-the-transport-sector-an-eu-27-perspective\/","title":{"rendered":"Promotion of biofuel consumption in the transport sector: an EU-27 perspective"},"content":{"rendered":"<div class=\"field field-name-field-tipo-publicacion field-type-taxonomy-term-reference field-label-hidden\">\n<div class=\"field-items\">\n<div class=\"field-item even\">Jos\u00e9 Manuel Cansino Mu\u00f1oz-Repiso, Mar\u00eda Pablo-Romero Gil-Delgado, Roc\u00edo Rom\u00e1n Collado, Roc\u00edo Y\u00f1iguez Ovando.<\/div>\n<\/div>\n<\/div>\n<div class=\"field field-name-body field-type-text-with-summary field-label-hidden\">\n<div class=\"field-items\">\n<div class=\"field-item even\">\n<p>Renewable &amp; Sustainable Energy Reviews. N\u00fam. 16. 2012. P\u00e1g. 6013-6021.<\/p>\n<\/div>\n<\/div>\n<\/div>\n<div class=\"field field-name-field-pdf field-type-file field-label-above\">\n<div class=\"field-items\">\n<div class=\"field-item even\"><strong>A\u00f1o:<\/strong> 2012<\/div>\n<div><a href=\"https:\/\/doi.org\/10.1016\/j.rser.2012.06.011\">https:\/\/doi.org\/10.1016\/j.rser.2012.06.011<\/a><\/div>\n<\/div>\n<\/div>\n","protected":false},"excerpt":{"rendered":"<p>Jos\u00e9 Manuel Cansino Mu\u00f1oz-Repiso, Mar\u00eda Pablo-Romero Gil-Delgado, Roc\u00edo Rom\u00e1n Collado, Roc\u00edo Y\u00f1iguez Ovando. Renewable &amp; Sustainable Energy Reviews. N\u00fam. 16. 2012. P\u00e1g. 6013-6021. A\u00f1o: 2012 https:\/\/doi.org\/10.1016\/j.rser.2012.06.011<\/p>\n","protected":false},"author":1,"featured_media":0,"comment_status":"closed","ping_status":"closed","sticky":false,"template":"","format":"standard","meta":[],"categories":[4],"tags":[11],"_links":{"self":[{"href":"https:\/\/catedra.us.es\/eemedioambiente\/wp-json\/wp\/v2\/posts\/179"}],"collection":[{"href":"https:\/\/catedra.us.es\/eemedioambiente\/wp-json\/wp\/v2\/posts"}],"about":[{"href":"https:\/\/catedra.us.es\/eemedioambiente\/wp-json\/wp\/v2\/types\/post"}],"author":[{"embeddable":true,"href":"https:\/\/catedra.us.es\/eemedioambiente\/wp-json\/wp\/v2\/users\/1"}],"replies":[{"embeddable":true,"href":"https:\/\/catedra.us.es\/eemedioambiente\/wp-json\/wp\/v2\/comments?post=179"}],"version-history":[{"count":0,"href":"https:\/\/catedra.us.es\/eemedioambiente\/wp-json\/wp\/v2\/posts\/179\/revisions"}],"wp:attachment":[{"href":"https:\/\/catedra.us.es\/eemedioambiente\/wp-json\/wp\/v2\/media?parent=179"}],"wp:term":[{"taxonomy":"category","embeddable":true,"href":"https:\/\/catedra.us.es\/eemedioambiente\/wp-json\/wp\/v2\/categories?post=179"},{"taxonomy":"post_tag","embeddable":true,"href":"https:\/\/catedra.us.es\/eemedioambiente\/wp-json\/wp\/v2\/tags?post=179"}],"curies":[{"name":"wp","href":"https:\/\/api.w.org\/{rel}","templated":true}]}}