{"id":191,"date":"2018-02-24T12:20:40","date_gmt":"2018-02-24T12:20:40","guid":{"rendered":"http:\/\/www.arttium.com\/ruben\/?p=191"},"modified":"2018-02-24T12:20:40","modified_gmt":"2018-02-24T12:20:40","slug":"el-plan-de-accion-de-ahorro-y-eficiencia-energetica-espanol-2008-2012-evaluacion-de-resultados-mediante-indicadores-de-eficiencia-y-eficacia-para-el-ano-2010-el-caso-del-sector-transporte-en-espana","status":"publish","type":"post","link":"https:\/\/catedra.us.es\/eemedioambiente\/publicaciones\/el-plan-de-accion-de-ahorro-y-eficiencia-energetica-espanol-2008-2012-evaluacion-de-resultados-mediante-indicadores-de-eficiencia-y-eficacia-para-el-ano-2010-el-caso-del-sector-transporte-en-espana\/","title":{"rendered":"El plan de acci\u00f3n de ahorro y eficiencia energ\u00e9tica espa\u00f1ol (2008-2012).Evaluaci\u00f3n de resultados mediante indicadores de eficiencia y eficacia para el a\u00f1o 2010. El caso del sector transporte en Espa\u00f1a y la UE-27"},"content":{"rendered":"<p><strong>Tesis de M\u00e1ster (Trabajo fin\u00a0de M\u00e1ster)<\/strong><\/p>\n<p>Alumno: D\u00f1a. Mar\u00eda Jos\u00e9 Arjona Perez<\/p>\n<p>Tutores: Dra. D\u00f1a.\u00a0Roc\u00edo Rom\u00e1n Collado y Dra. D\u00f1a. Teresa Sanz D\u00edaz.<\/p>\n","protected":false},"excerpt":{"rendered":"<p>Tesis de M\u00e1ster (Trabajo fin\u00a0de M\u00e1ster) Alumno: D\u00f1a. Mar\u00eda Jos\u00e9 Arjona Perez Tutores: Dra. D\u00f1a.\u00a0Roc\u00edo Rom\u00e1n Collado y Dra. D\u00f1a. Teresa Sanz D\u00edaz.<\/p>\n","protected":false},"author":1,"featured_media":0,"comment_status":"closed","ping_status":"closed","sticky":false,"template":"","format":"standard","meta":[],"categories":[4],"tags":[],"_links":{"self":[{"href":"https:\/\/catedra.us.es\/eemedioambiente\/wp-json\/wp\/v2\/posts\/191"}],"collection":[{"href":"https:\/\/catedra.us.es\/eemedioambiente\/wp-json\/wp\/v2\/posts"}],"about":[{"href":"https:\/\/catedra.us.es\/eemedioambiente\/wp-json\/wp\/v2\/types\/post"}],"author":[{"embeddable":true,"href":"https:\/\/catedra.us.es\/eemedioambiente\/wp-json\/wp\/v2\/users\/1"}],"replies":[{"embeddable":true,"href":"https:\/\/catedra.us.es\/eemedioambiente\/wp-json\/wp\/v2\/comments?post=191"}],"version-history":[{"count":0,"href":"https:\/\/catedra.us.es\/eemedioambiente\/wp-json\/wp\/v2\/posts\/191\/revisions"}],"wp:attachment":[{"href":"https:\/\/catedra.us.es\/eemedioambiente\/wp-json\/wp\/v2\/media?parent=191"}],"wp:term":[{"taxonomy":"category","embeddable":true,"href":"https:\/\/catedra.us.es\/eemedioambiente\/wp-json\/wp\/v2\/categories?post=191"},{"taxonomy":"post_tag","embeddable":true,"href":"https:\/\/catedra.us.es\/eemedioambiente\/wp-json\/wp\/v2\/tags?post=191"}],"curies":[{"name":"wp","href":"https:\/\/api.w.org\/{rel}","templated":true}]}}