{"id":207,"date":"2018-02-24T12:39:17","date_gmt":"2018-02-24T12:39:17","guid":{"rendered":"http:\/\/www.arttium.com\/ruben\/?p=207"},"modified":"2018-12-20T11:30:38","modified_gmt":"2018-12-20T11:30:38","slug":"the-economic-influence-of-photovoltaic-technology-on-electricity-generation-a-cge-approach-for-the-andalusian-case","status":"publish","type":"post","link":"https:\/\/catedra.us.es\/eemedioambiente\/publicaciones\/the-economic-influence-of-photovoltaic-technology-on-electricity-generation-a-cge-approach-for-the-andalusian-case\/","title":{"rendered":"The economic influence of photovoltaic technology on electricity generation: A CGE approach for the Andalusian case"},"content":{"rendered":"<div class=\"field field-name-field-tipo-publicacion field-type-taxonomy-term-reference field-label-hidden\">\n<div class=\"field-items\">\n<div class=\"field-item even\">Jos\u00e9 M. Cansino, M. Alejandro Cardenete, Jos\u00e9 M. Gonz\u00e1lez-Lim\u00f3n, Roc\u00edo Rom\u00e1n.<\/div>\n<\/div>\n<\/div>\n<div class=\"field field-name-body field-type-text-with-summary field-label-hidden\">\n<div class=\"field-items\">\n<div class=\"field-item even\">\n<p>Energy. Volume 73, Pages 70-79. 2014.<\/p>\n<p><strong>A\u00f1o:<\/strong> 2014<\/p>\n<p><a href=\"https:\/\/doi.org\/10.1016\/j.energy.2014.05.076\">https:\/\/doi.org\/10.1016\/j.energy.2014.05.076<\/a><\/p>\n<\/div>\n<\/div>\n<\/div>\n","protected":false},"excerpt":{"rendered":"<p>Jos\u00e9 M. Cansino, M. Alejandro Cardenete, Jos\u00e9 M. Gonz\u00e1lez-Lim\u00f3n, Roc\u00edo Rom\u00e1n. Energy. Volume 73, Pages 70-79. 2014. A\u00f1o: 2014 https:\/\/doi.org\/10.1016\/j.energy.2014.05.076<\/p>\n","protected":false},"author":1,"featured_media":0,"comment_status":"closed","ping_status":"closed","sticky":false,"template":"","format":"standard","meta":[],"categories":[4],"tags":[],"_links":{"self":[{"href":"https:\/\/catedra.us.es\/eemedioambiente\/wp-json\/wp\/v2\/posts\/207"}],"collection":[{"href":"https:\/\/catedra.us.es\/eemedioambiente\/wp-json\/wp\/v2\/posts"}],"about":[{"href":"https:\/\/catedra.us.es\/eemedioambiente\/wp-json\/wp\/v2\/types\/post"}],"author":[{"embeddable":true,"href":"https:\/\/catedra.us.es\/eemedioambiente\/wp-json\/wp\/v2\/users\/1"}],"replies":[{"embeddable":true,"href":"https:\/\/catedra.us.es\/eemedioambiente\/wp-json\/wp\/v2\/comments?post=207"}],"version-history":[{"count":0,"href":"https:\/\/catedra.us.es\/eemedioambiente\/wp-json\/wp\/v2\/posts\/207\/revisions"}],"wp:attachment":[{"href":"https:\/\/catedra.us.es\/eemedioambiente\/wp-json\/wp\/v2\/media?parent=207"}],"wp:term":[{"taxonomy":"category","embeddable":true,"href":"https:\/\/catedra.us.es\/eemedioambiente\/wp-json\/wp\/v2\/categories?post=207"},{"taxonomy":"post_tag","embeddable":true,"href":"https:\/\/catedra.us.es\/eemedioambiente\/wp-json\/wp\/v2\/tags?post=207"}],"curies":[{"name":"wp","href":"https:\/\/api.w.org\/{rel}","templated":true}]}}