{"id":244,"date":"2018-02-24T14:25:25","date_gmt":"2018-02-24T14:25:25","guid":{"rendered":"http:\/\/www.arttium.com\/ruben\/?p=244"},"modified":"2018-02-24T14:25:25","modified_gmt":"2018-02-24T14:25:25","slug":"la-contaminacion-atmosferica-y-sus-efectos-sobre-la-salud-humana-en-europa","status":"publish","type":"post","link":"https:\/\/catedra.us.es\/eemedioambiente\/publicaciones\/la-contaminacion-atmosferica-y-sus-efectos-sobre-la-salud-humana-en-europa\/","title":{"rendered":"La contaminaci\u00f3n atmosf\u00e9rica y sus efectos sobre la salud humana en Europa"},"content":{"rendered":"<p>Autor:\u00a0Ana Garc\u00eda Lorenzo<\/p>\n<p>Tutora: Roc\u00edo Rom\u00e1n Collado<\/p>\n<p><strong>Trabajo Fin de Grado &#8211; Julio 2015<\/strong><\/p>\n<p><strong>Universidad de Sevilla<\/strong><\/p>\n","protected":false},"excerpt":{"rendered":"<p>Autor:\u00a0Ana Garc\u00eda Lorenzo Tutora: Roc\u00edo Rom\u00e1n Collado Trabajo Fin de Grado &#8211; Julio 2015 Universidad de Sevilla<\/p>\n","protected":false},"author":1,"featured_media":0,"comment_status":"closed","ping_status":"closed","sticky":false,"template":"","format":"standard","meta":[],"categories":[4],"tags":[],"_links":{"self":[{"href":"https:\/\/catedra.us.es\/eemedioambiente\/wp-json\/wp\/v2\/posts\/244"}],"collection":[{"href":"https:\/\/catedra.us.es\/eemedioambiente\/wp-json\/wp\/v2\/posts"}],"about":[{"href":"https:\/\/catedra.us.es\/eemedioambiente\/wp-json\/wp\/v2\/types\/post"}],"author":[{"embeddable":true,"href":"https:\/\/catedra.us.es\/eemedioambiente\/wp-json\/wp\/v2\/users\/1"}],"replies":[{"embeddable":true,"href":"https:\/\/catedra.us.es\/eemedioambiente\/wp-json\/wp\/v2\/comments?post=244"}],"version-history":[{"count":0,"href":"https:\/\/catedra.us.es\/eemedioambiente\/wp-json\/wp\/v2\/posts\/244\/revisions"}],"wp:attachment":[{"href":"https:\/\/catedra.us.es\/eemedioambiente\/wp-json\/wp\/v2\/media?parent=244"}],"wp:term":[{"taxonomy":"category","embeddable":true,"href":"https:\/\/catedra.us.es\/eemedioambiente\/wp-json\/wp\/v2\/categories?post=244"},{"taxonomy":"post_tag","embeddable":true,"href":"https:\/\/catedra.us.es\/eemedioambiente\/wp-json\/wp\/v2\/tags?post=244"}],"curies":[{"name":"wp","href":"https:\/\/api.w.org\/{rel}","templated":true}]}}