{"id":260,"date":"2018-02-24T14:50:38","date_gmt":"2018-02-24T14:50:38","guid":{"rendered":"http:\/\/www.arttium.com\/ruben\/?p=260"},"modified":"2018-12-20T10:53:17","modified_gmt":"2018-12-20T10:53:17","slug":"taxing-electricity-consumption-in-spain-evidence-to-design-the-post-kyoto-world","status":"publish","type":"post","link":"https:\/\/catedra.us.es\/eemedioambiente\/publicaciones\/taxing-electricity-consumption-in-spain-evidence-to-design-the-post-kyoto-world\/","title":{"rendered":"Taxing electricity consumption in Spain. Evidence to design the Post-Kyoto World"},"content":{"rendered":"<div class=\"field field-name-body field-type-text-with-summary field-label-hidden\">\n<div class=\"field-items\">\n<div class=\"field-item even\">\n<p>Cansino, JM; Cardenete, M.A.; Ord\u00f3\u00f1ez, M and Rom\u00e1n, R.<\/p>\n<p>Carbon Management. Volume 7, 2016 &#8211; Issue 1-2, Pages 93-104.<\/p>\n<p><strong>A\u00f1o:<\/strong>\u00a02016<\/p>\n<p><strong>DOI:<\/strong>\u00a0<a href=\"http:\/\/www.tandfonline.com\/doi\/full\/10.1080\/17583004.2016.1178397\">10.1080\/17583004.2016.1178397<\/a><\/p>\n<\/div>\n<\/div>\n<\/div>\n","protected":false},"excerpt":{"rendered":"<p>Cansino, JM; Cardenete, M.A.; Ord\u00f3\u00f1ez, M and Rom\u00e1n, R. Carbon Management. Volume 7, 2016 &#8211; Issue 1-2, Pages 93-104. A\u00f1o:\u00a02016 DOI:\u00a010.1080\/17583004.2016.1178397<\/p>\n","protected":false},"author":1,"featured_media":0,"comment_status":"closed","ping_status":"closed","sticky":false,"template":"","format":"standard","meta":[],"categories":[4],"tags":[11],"_links":{"self":[{"href":"https:\/\/catedra.us.es\/eemedioambiente\/wp-json\/wp\/v2\/posts\/260"}],"collection":[{"href":"https:\/\/catedra.us.es\/eemedioambiente\/wp-json\/wp\/v2\/posts"}],"about":[{"href":"https:\/\/catedra.us.es\/eemedioambiente\/wp-json\/wp\/v2\/types\/post"}],"author":[{"embeddable":true,"href":"https:\/\/catedra.us.es\/eemedioambiente\/wp-json\/wp\/v2\/users\/1"}],"replies":[{"embeddable":true,"href":"https:\/\/catedra.us.es\/eemedioambiente\/wp-json\/wp\/v2\/comments?post=260"}],"version-history":[{"count":0,"href":"https:\/\/catedra.us.es\/eemedioambiente\/wp-json\/wp\/v2\/posts\/260\/revisions"}],"wp:attachment":[{"href":"https:\/\/catedra.us.es\/eemedioambiente\/wp-json\/wp\/v2\/media?parent=260"}],"wp:term":[{"taxonomy":"category","embeddable":true,"href":"https:\/\/catedra.us.es\/eemedioambiente\/wp-json\/wp\/v2\/categories?post=260"},{"taxonomy":"post_tag","embeddable":true,"href":"https:\/\/catedra.us.es\/eemedioambiente\/wp-json\/wp\/v2\/tags?post=260"}],"curies":[{"name":"wp","href":"https:\/\/api.w.org\/{rel}","templated":true}]}}