{"id":2677,"date":"2023-07-25T10:11:57","date_gmt":"2023-07-25T10:11:57","guid":{"rendered":"http:\/\/catedra.us.es\/eemedioambiente\/?p=2677"},"modified":"2023-07-25T10:11:58","modified_gmt":"2023-07-25T10:11:58","slug":"tesis-doctoral-generacion-y-consumo-de-energia-niveles-de-accion-en-la-economia-de-la-energia-y-del-medio-ambiente","status":"publish","type":"post","link":"https:\/\/catedra.us.es\/eemedioambiente\/publicaciones\/tesis-doctoral-generacion-y-consumo-de-energia-niveles-de-accion-en-la-economia-de-la-energia-y-del-medio-ambiente\/","title":{"rendered":"Tesis Doctoral: \u00abGeneraci\u00f3n y consumo de energ\u00eda: Niveles de acci\u00f3n en la econom\u00eda de la energ\u00eda y del medio ambiente\u00bb"},"content":{"rendered":"\n<p>Defensa: 18 de julio de 2023<\/p>\n\n\n\n<p>Autor: D. V\u00edctor Jes\u00fas Dugo Dom\u00ednguez<\/p>\n\n\n\n<p>Direcci\u00f3n: Dr. D. Jos\u00e9 Manuel Cansino Mu\u00f1oz-Repiso y Dra. D\u00f1a. Roc\u00edo Rom\u00e1n Collado<\/p>\n\n\n\n<p>Calificaci\u00f3n: Sobresaliente \u00abcum laude\u00bb<\/p>\n","protected":false},"excerpt":{"rendered":"<p>Defensa: 18 de julio de 2023 Autor: D. V\u00edctor Jes\u00fas Dugo Dom\u00ednguez Direcci\u00f3n: Dr. D. Jos\u00e9 Manuel Cansino Mu\u00f1oz-Repiso y Dra. D\u00f1a. Roc\u00edo Rom\u00e1n Collado Calificaci\u00f3n: Sobresaliente \u00abcum laude\u00bb<\/p>\n","protected":false},"author":1,"featured_media":0,"comment_status":"open","ping_status":"open","sticky":false,"template":"","format":"standard","meta":[],"categories":[4],"tags":[],"_links":{"self":[{"href":"https:\/\/catedra.us.es\/eemedioambiente\/wp-json\/wp\/v2\/posts\/2677"}],"collection":[{"href":"https:\/\/catedra.us.es\/eemedioambiente\/wp-json\/wp\/v2\/posts"}],"about":[{"href":"https:\/\/catedra.us.es\/eemedioambiente\/wp-json\/wp\/v2\/types\/post"}],"author":[{"embeddable":true,"href":"https:\/\/catedra.us.es\/eemedioambiente\/wp-json\/wp\/v2\/users\/1"}],"replies":[{"embeddable":true,"href":"https:\/\/catedra.us.es\/eemedioambiente\/wp-json\/wp\/v2\/comments?post=2677"}],"version-history":[{"count":1,"href":"https:\/\/catedra.us.es\/eemedioambiente\/wp-json\/wp\/v2\/posts\/2677\/revisions"}],"predecessor-version":[{"id":2678,"href":"https:\/\/catedra.us.es\/eemedioambiente\/wp-json\/wp\/v2\/posts\/2677\/revisions\/2678"}],"wp:attachment":[{"href":"https:\/\/catedra.us.es\/eemedioambiente\/wp-json\/wp\/v2\/media?parent=2677"}],"wp:term":[{"taxonomy":"category","embeddable":true,"href":"https:\/\/catedra.us.es\/eemedioambiente\/wp-json\/wp\/v2\/categories?post=2677"},{"taxonomy":"post_tag","embeddable":true,"href":"https:\/\/catedra.us.es\/eemedioambiente\/wp-json\/wp\/v2\/tags?post=2677"}],"curies":[{"name":"wp","href":"https:\/\/api.w.org\/{rel}","templated":true}]}}