{"id":2681,"date":"2023-09-18T10:52:00","date_gmt":"2023-09-18T10:52:00","guid":{"rendered":"http:\/\/catedra.us.es\/eemedioambiente\/?p=2681"},"modified":"2023-09-21T10:06:39","modified_gmt":"2023-09-21T10:06:39","slug":"tesis-doctoral-bringing-nature-to-the-economic-paradigm-a-set-of-tools-for-the-assessment-and-quantification-of-enviromental-externalities-in-spain-eu27-and-beyond","status":"publish","type":"post","link":"https:\/\/catedra.us.es\/eemedioambiente\/publicaciones\/tesis-doctoral-bringing-nature-to-the-economic-paradigm-a-set-of-tools-for-the-assessment-and-quantification-of-enviromental-externalities-in-spain-eu27-and-beyond\/","title":{"rendered":"Tesis Doctoral: \u00abBringing nature to the economic paradigm: A set of tools for the assessment and quantification of enviromental externalities in Spain, EU27 and beyond\u00bb"},"content":{"rendered":"\n<p>Defensa: 14 de septiembre&nbsp; de 2023<\/p>\n\n\n\n<p>Autor: D. Luis Galiano Bastarrica<\/p>\n\n\n\n<p>Direcci\u00f3n: Dra. D\u00f1a. Eva Mar\u00eda Buitrago, Dra. D\u00f1a. Mari\u00e1ngeles Caraballo y Dra. D\u00f1a. Roc\u00edo Y\u00f1iguez<\/p>\n\n\n\n<p>Calificaci\u00f3n: Sobresaliente \u00abcum laude\u00bb<\/p>\n","protected":false},"excerpt":{"rendered":"<p>Defensa: 14 de septiembre&nbsp; de 2023 Autor: D. Luis Galiano Bastarrica Direcci\u00f3n: Dra. D\u00f1a. Eva Mar\u00eda Buitrago, Dra. D\u00f1a. Mari\u00e1ngeles Caraballo y Dra. D\u00f1a. Roc\u00edo Y\u00f1iguez Calificaci\u00f3n: Sobresaliente \u00abcum laude\u00bb<\/p>\n","protected":false},"author":1,"featured_media":0,"comment_status":"open","ping_status":"open","sticky":false,"template":"","format":"standard","meta":[],"categories":[4],"tags":[],"_links":{"self":[{"href":"https:\/\/catedra.us.es\/eemedioambiente\/wp-json\/wp\/v2\/posts\/2681"}],"collection":[{"href":"https:\/\/catedra.us.es\/eemedioambiente\/wp-json\/wp\/v2\/posts"}],"about":[{"href":"https:\/\/catedra.us.es\/eemedioambiente\/wp-json\/wp\/v2\/types\/post"}],"author":[{"embeddable":true,"href":"https:\/\/catedra.us.es\/eemedioambiente\/wp-json\/wp\/v2\/users\/1"}],"replies":[{"embeddable":true,"href":"https:\/\/catedra.us.es\/eemedioambiente\/wp-json\/wp\/v2\/comments?post=2681"}],"version-history":[{"count":2,"href":"https:\/\/catedra.us.es\/eemedioambiente\/wp-json\/wp\/v2\/posts\/2681\/revisions"}],"predecessor-version":[{"id":2683,"href":"https:\/\/catedra.us.es\/eemedioambiente\/wp-json\/wp\/v2\/posts\/2681\/revisions\/2683"}],"wp:attachment":[{"href":"https:\/\/catedra.us.es\/eemedioambiente\/wp-json\/wp\/v2\/media?parent=2681"}],"wp:term":[{"taxonomy":"category","embeddable":true,"href":"https:\/\/catedra.us.es\/eemedioambiente\/wp-json\/wp\/v2\/categories?post=2681"},{"taxonomy":"post_tag","embeddable":true,"href":"https:\/\/catedra.us.es\/eemedioambiente\/wp-json\/wp\/v2\/tags?post=2681"}],"curies":[{"name":"wp","href":"https:\/\/api.w.org\/{rel}","templated":true}]}}