{"id":2846,"date":"2024-02-20T10:53:39","date_gmt":"2024-02-20T10:53:39","guid":{"rendered":"https:\/\/catedra.us.es\/eemedioambiente\/?p=2846"},"modified":"2024-04-30T11:52:07","modified_gmt":"2024-04-30T11:52:07","slug":"proximo-evento-xvii-jornada-economia-y-medio-ambiente-12-03-2024","status":"publish","type":"post","link":"https:\/\/catedra.us.es\/eemedioambiente\/seminarios-y-actividades\/proximo-evento-xvii-jornada-economia-y-medio-ambiente-12-03-2024\/","title":{"rendered":"XVII JORNADA ECONOMIA Y MEDIO AMBIENTE- 12\/03\/2024"},"content":{"rendered":"\t\t<div data-elementor-type=\"wp-post\" data-elementor-id=\"2846\" class=\"elementor elementor-2846\">\n\t\t\t\t\t\t<div class=\"elementor-inner\">\n\t\t\t\t<div class=\"elementor-section-wrap\">\n\t\t\t\t\t\t\t\t\t<section class=\"elementor-section elementor-top-section elementor-element elementor-element-5c54496d elementor-section-boxed elementor-section-height-default elementor-section-height-default\" data-id=\"5c54496d\" data-element_type=\"section\">\n\t\t\t\t\t\t<div class=\"elementor-container elementor-column-gap-default\">\n\t\t\t\t\t\t\t<div class=\"elementor-row\">\n\t\t\t\t\t<div class=\"elementor-column elementor-col-100 elementor-top-column elementor-element elementor-element-1c2f5e79\" data-id=\"1c2f5e79\" data-element_type=\"column\">\n\t\t\t<div class=\"elementor-column-wrap elementor-element-populated\">\n\t\t\t\t\t\t\t<div class=\"elementor-widget-wrap\">\n\t\t\t\t\t\t<div class=\"elementor-element elementor-element-295cd5bc elementor-widget elementor-widget-text-editor\" data-id=\"295cd5bc\" data-element_type=\"widget\" data-widget_type=\"text-editor.default\">\n\t\t\t\t<div class=\"elementor-widget-container\">\n\t\t\t\t\t\t\t\t<div class=\"elementor-text-editor elementor-clearfix\">\n\t\t\t\t<p><!-- wp:paragraph --><\/p>\n<p>Martes 12 de marzo de 2024<\/p>\n<p><!-- \/wp:paragraph --><!-- wp:paragraph --><\/p>\n<p>El 12 de marzo de 2024 se celebrar\u00e1 en el Sal\u00f3n de Grados de la Facultad de Ciencias Econ\u00f3micas y Empresariales la XVII Jornada de Econom\u00eda y Medio Ambiente.\u00a0<\/p>\n<p><!-- \/wp:paragraph --><!-- wp:paragraph --><\/p>\n<p>\u00a0Este evento dirigido por la Dra. M\u00aa Teresa Sanz D\u00edaz, profesora del Departamento de An\u00e1lisis Econ\u00f3mico y Econom\u00eda Pol\u00edtica se estructura en varias sesiones en las que se cuenta con la participaci\u00f3n de profesionales de gran prestigio a nivel nacional e internacional, tales como D. Pedro Parias (FERAGUA), D\u00f1a. Antonia Rebeca Ruiz Pacheco (ENEL) y D. Benito Navarrete (C\u00e1tedra Cepsa).<\/p>\n<p><!-- \/wp:paragraph --><!-- wp:paragraph --><\/p>\n<p>La Jornada incluye en su programa la Conferencia Inaugural 2024 de la C\u00e1tedra de Econom\u00eda de la Energ\u00eda y del Medio Ambiente Red El\u00e9ctrica de Espa\u00f1a-Universidad de Sevilla. En esta ocasi\u00f3n la conferencia lleva por t\u00edtulo \u201cNuevos combustibles renovables para la transici\u00f3n energ\u00e9tica\u201d, y ser\u00e1 impartida por D. Benito Navarrete Rubia, Director de la C\u00e1tedra Cepsa de Transici\u00f3n Ecol\u00f3gica de la Universidad de Sevilla.<\/p>\n<p><!-- \/wp:paragraph --><!-- wp:paragraph --><\/p>\n<p>\u00a0Temas como incorporaci\u00f3n al mix energ\u00e9tico de nuevos combustibles renovables, la econom\u00eda circular en las redes de distribuci\u00f3n y las medidas y soluciones de los regantes a la sequ\u00eda ser\u00e1n algunos de los t\u00f3picos de la jornada.<\/p>\n<p><!-- \/wp:paragraph --><!-- wp:paragraph --><\/p>\n<p>La jornada est\u00e1 organizada por la C\u00e1tedra de Econom\u00eda de la Energ\u00eda y del Medio Ambiente (Red El\u00e9ctrica de Espa\u00f1a-Universidad de Sevilla) y cuenta tambi\u00e9n con el patrocinio del programa de Doctorado en Ciencias Econ\u00f3micas, Empresariales y Sociales de la Universidad de Sevilla, el Dpto. An\u00e1lisis Econ\u00f3mico y Econom\u00eda Pol\u00edtica de la Universidad de Sevilla.<\/p>\n<p>VIDEO DISPONIBLE (Medios Audiovisuales de la FCEYE): <a href=\"https:\/\/www.youtube.com\/watch?v=sH6Nhsjq5p4\">XVII Jornada de Econom\u00eda y Medio Ambiente &#8211; 12 MAR 2024 (youtube.com)<\/a><\/p>\n<p><!-- \/wp:paragraph --><!-- wp:paragraph --><\/p>\n<p><!-- \/wp:paragraph --><!-- wp:paragraph --><\/p>\n<p><a href=\"https:\/\/catedra.us.es\/eemedioambiente\/wp-content\/uploads\/2024\/04\/diptico-Jornada-Ecoyma-2024.pdf\">PROGRAMA<\/a> DE LA JORNADA<\/p>\n<p><!-- \/wp:paragraph --><!-- wp:paragraph --><\/p>\n<p><a href=\"https:\/\/catedra.us.es\/eemedioambiente\/wp-content\/uploads\/2024\/03\/CARTEL_2024_JORNADA-scaled.jpg\">CARTEL<\/a> DE LA JORNADA<\/p>\n<p><!-- \/wp:paragraph --><\/p>\t\t\t\t\t<\/div>\n\t\t\t\t\t\t<\/div>\n\t\t\t\t<\/div>\n\t\t\t\t\t\t<\/div>\n\t\t\t\t\t<\/div>\n\t\t<\/div>\n\t\t\t\t\t\t\t\t<\/div>\n\t\t\t\t\t<\/div>\n\t\t<\/section>\n\t\t\t\t\t\t\t\t\t<\/div>\n\t\t\t<\/div>\n\t\t\t\t\t<\/div>\n\t\t","protected":false},"excerpt":{"rendered":"<p>Martes 12 de marzo de 2024 El 12 de marzo de 2024 se celebrar\u00e1 en el Sal\u00f3n de Grados de la Facultad de Ciencias Econ\u00f3micas y Empresariales la XVII Jornada de Econom\u00eda y Medio Ambiente.\u00a0 \u00a0Este evento dirigido por la Dra. M\u00aa Teresa Sanz D\u00edaz, profesora del Departamento de An\u00e1lisis Econ\u00f3mico y Econom\u00eda Pol\u00edtica se [&hellip;]<\/p>\n","protected":false},"author":1,"featured_media":0,"comment_status":"open","ping_status":"open","sticky":false,"template":"","format":"standard","meta":[],"categories":[5],"tags":[],"_links":{"self":[{"href":"https:\/\/catedra.us.es\/eemedioambiente\/wp-json\/wp\/v2\/posts\/2846"}],"collection":[{"href":"https:\/\/catedra.us.es\/eemedioambiente\/wp-json\/wp\/v2\/posts"}],"about":[{"href":"https:\/\/catedra.us.es\/eemedioambiente\/wp-json\/wp\/v2\/types\/post"}],"author":[{"embeddable":true,"href":"https:\/\/catedra.us.es\/eemedioambiente\/wp-json\/wp\/v2\/users\/1"}],"replies":[{"embeddable":true,"href":"https:\/\/catedra.us.es\/eemedioambiente\/wp-json\/wp\/v2\/comments?post=2846"}],"version-history":[{"count":19,"href":"https:\/\/catedra.us.es\/eemedioambiente\/wp-json\/wp\/v2\/posts\/2846\/revisions"}],"predecessor-version":[{"id":2997,"href":"https:\/\/catedra.us.es\/eemedioambiente\/wp-json\/wp\/v2\/posts\/2846\/revisions\/2997"}],"wp:attachment":[{"href":"https:\/\/catedra.us.es\/eemedioambiente\/wp-json\/wp\/v2\/media?parent=2846"}],"wp:term":[{"taxonomy":"category","embeddable":true,"href":"https:\/\/catedra.us.es\/eemedioambiente\/wp-json\/wp\/v2\/categories?post=2846"},{"taxonomy":"post_tag","embeddable":true,"href":"https:\/\/catedra.us.es\/eemedioambiente\/wp-json\/wp\/v2\/tags?post=2846"}],"curies":[{"name":"wp","href":"https:\/\/api.w.org\/{rel}","templated":true}]}}