{"id":3027,"date":"2024-06-03T09:48:31","date_gmt":"2024-06-03T09:48:31","guid":{"rendered":"https:\/\/catedra.us.es\/eemedioambiente\/?p=3027"},"modified":"2024-06-04T09:38:30","modified_gmt":"2024-06-04T09:38:30","slug":"xv-workshop-on-energy-and-environmental-economics","status":"publish","type":"post","link":"https:\/\/catedra.us.es\/eemedioambiente\/seminarios-y-actividades\/xv-workshop-on-energy-and-environmental-economics\/","title":{"rendered":"XV WORKSHOP ON ENERGY AND ENVIRONMENTAL ECONOMICS"},"content":{"rendered":"\n<p>El d\u00eda 12 de junio de 2024, bajo la direcci\u00f3n del profesor Dr. Jos\u00e9 Manuel Cansino, tendr\u00e1 lugar el XV WORKSHOP ON ENERGY AND ENVIRONMENTAL ECONOMICS<\/p>\n\n\n\n<p>El workshop se estructura en varias sesiones en las que se expondr\u00e1n trabajos de investigaci\u00f3n de gran calidad en las \u00e1reas de la Econom\u00eda de la Energ\u00eda y del Medio Ambiente y en las que participan profesionales de gran prestigio.<\/p>\n\n\n\n<p>Modalidad: PRESENCIAL<\/p>\n\n\n\n<p><a href=\"https:\/\/catedra.us.es\/eemedioambiente\/wp-content\/uploads\/2024\/06\/2024WORKSHOP-WEEE-diptico-.pdf\" target=\"_blank\" rel=\"noreferrer noopener\">D\u00edptico Informativo aqu\u00ed<\/a><\/p>\n\n\n\n<p>Inscripci\u00f3n gratuita:&nbsp;&nbsp;<a href=\"mailto:economiaenergiayma@gmail.com\"><strong>economiaenergiayma@gmail.com<\/strong><\/a><\/p>\n","protected":false},"excerpt":{"rendered":"<p>El d\u00eda 12 de junio de 2024, bajo la direcci\u00f3n del profesor Dr. Jos\u00e9 Manuel Cansino, tendr\u00e1 lugar el XV WORKSHOP ON ENERGY AND ENVIRONMENTAL ECONOMICS El workshop se estructura en varias sesiones en las que se expondr\u00e1n trabajos de investigaci\u00f3n de gran calidad en las \u00e1reas de la Econom\u00eda de la Energ\u00eda y del [&hellip;]<\/p>\n","protected":false},"author":1,"featured_media":0,"comment_status":"open","ping_status":"open","sticky":false,"template":"","format":"standard","meta":[],"categories":[5],"tags":[],"_links":{"self":[{"href":"https:\/\/catedra.us.es\/eemedioambiente\/wp-json\/wp\/v2\/posts\/3027"}],"collection":[{"href":"https:\/\/catedra.us.es\/eemedioambiente\/wp-json\/wp\/v2\/posts"}],"about":[{"href":"https:\/\/catedra.us.es\/eemedioambiente\/wp-json\/wp\/v2\/types\/post"}],"author":[{"embeddable":true,"href":"https:\/\/catedra.us.es\/eemedioambiente\/wp-json\/wp\/v2\/users\/1"}],"replies":[{"embeddable":true,"href":"https:\/\/catedra.us.es\/eemedioambiente\/wp-json\/wp\/v2\/comments?post=3027"}],"version-history":[{"count":2,"href":"https:\/\/catedra.us.es\/eemedioambiente\/wp-json\/wp\/v2\/posts\/3027\/revisions"}],"predecessor-version":[{"id":3039,"href":"https:\/\/catedra.us.es\/eemedioambiente\/wp-json\/wp\/v2\/posts\/3027\/revisions\/3039"}],"wp:attachment":[{"href":"https:\/\/catedra.us.es\/eemedioambiente\/wp-json\/wp\/v2\/media?parent=3027"}],"wp:term":[{"taxonomy":"category","embeddable":true,"href":"https:\/\/catedra.us.es\/eemedioambiente\/wp-json\/wp\/v2\/categories?post=3027"},{"taxonomy":"post_tag","embeddable":true,"href":"https:\/\/catedra.us.es\/eemedioambiente\/wp-json\/wp\/v2\/tags?post=3027"}],"curies":[{"name":"wp","href":"https:\/\/api.w.org\/{rel}","templated":true}]}}