{"id":3189,"date":"2024-12-02T12:21:18","date_gmt":"2024-12-02T12:21:18","guid":{"rendered":"https:\/\/catedra.us.es\/eemedioambiente\/?p=3189"},"modified":"2024-12-02T12:21:19","modified_gmt":"2024-12-02T12:21:19","slug":"tesis-doctoral-cadena-de-valor-global-en-la-industria-vitivinicola-actividades-economicas-complementarias-enoturismo-y-condiciones-habilitantes-para-el-desarrollo-sostenible-en-chile","status":"publish","type":"post","link":"https:\/\/catedra.us.es\/eemedioambiente\/publicaciones\/tesis-doctoral-cadena-de-valor-global-en-la-industria-vitivinicola-actividades-economicas-complementarias-enoturismo-y-condiciones-habilitantes-para-el-desarrollo-sostenible-en-chile\/","title":{"rendered":"Tesis Doctoral: \u00abCadena de Valor Global en la Industria Vitivin\u00edcola, Actividades Econ\u00f3micas Complementarias (Enoturismo) y Condiciones Habilitantes para el Desarrollo Sostenible en Chile\u00bb"},"content":{"rendered":"\n<p>Autora: D\u00f1a.Paulina Campos Andaur (Universidad Colombia)<\/p>\n\n\n\n<p>Direcci\u00f3n: Dra. D\u00f1a. Roc\u00edo Y\u00f1iguez Ovando (Universidad de Sevilla) y Dr. D. Alejandro Vega Mu\u00f1oz (Universidad Central de Chile)<\/p>\n","protected":false},"excerpt":{"rendered":"<p>Autora: D\u00f1a.Paulina Campos Andaur (Universidad Colombia) Direcci\u00f3n: Dra. D\u00f1a. Roc\u00edo Y\u00f1iguez Ovando (Universidad de Sevilla) y Dr. D. Alejandro Vega Mu\u00f1oz (Universidad Central de Chile)<\/p>\n","protected":false},"author":1,"featured_media":0,"comment_status":"open","ping_status":"open","sticky":false,"template":"","format":"standard","meta":[],"categories":[4],"tags":[],"_links":{"self":[{"href":"https:\/\/catedra.us.es\/eemedioambiente\/wp-json\/wp\/v2\/posts\/3189"}],"collection":[{"href":"https:\/\/catedra.us.es\/eemedioambiente\/wp-json\/wp\/v2\/posts"}],"about":[{"href":"https:\/\/catedra.us.es\/eemedioambiente\/wp-json\/wp\/v2\/types\/post"}],"author":[{"embeddable":true,"href":"https:\/\/catedra.us.es\/eemedioambiente\/wp-json\/wp\/v2\/users\/1"}],"replies":[{"embeddable":true,"href":"https:\/\/catedra.us.es\/eemedioambiente\/wp-json\/wp\/v2\/comments?post=3189"}],"version-history":[{"count":1,"href":"https:\/\/catedra.us.es\/eemedioambiente\/wp-json\/wp\/v2\/posts\/3189\/revisions"}],"predecessor-version":[{"id":3190,"href":"https:\/\/catedra.us.es\/eemedioambiente\/wp-json\/wp\/v2\/posts\/3189\/revisions\/3190"}],"wp:attachment":[{"href":"https:\/\/catedra.us.es\/eemedioambiente\/wp-json\/wp\/v2\/media?parent=3189"}],"wp:term":[{"taxonomy":"category","embeddable":true,"href":"https:\/\/catedra.us.es\/eemedioambiente\/wp-json\/wp\/v2\/categories?post=3189"},{"taxonomy":"post_tag","embeddable":true,"href":"https:\/\/catedra.us.es\/eemedioambiente\/wp-json\/wp\/v2\/tags?post=3189"}],"curies":[{"name":"wp","href":"https:\/\/api.w.org\/{rel}","templated":true}]}}