{"id":3471,"date":"2026-01-22T10:42:33","date_gmt":"2026-01-22T10:42:33","guid":{"rendered":"https:\/\/catedra.us.es\/eemedioambiente\/?p=3471"},"modified":"2026-01-22T10:42:34","modified_gmt":"2026-01-22T10:42:34","slug":"tesis-doctoral-evaluacion-de-politicas-publicas-en-educacion-empleo-y-medio-ambiente-un-enfoque-aplicado-de-inferencia-causal-y-descomposicion-estadistica","status":"publish","type":"post","link":"https:\/\/catedra.us.es\/eemedioambiente\/publicaciones\/tesis-doctoral-evaluacion-de-politicas-publicas-en-educacion-empleo-y-medio-ambiente-un-enfoque-aplicado-de-inferencia-causal-y-descomposicion-estadistica\/","title":{"rendered":"Tesis Doctoral: \u201cEvaluaci\u00f3n de pol\u00edticas p\u00fablicas en educaci\u00f3n, empleo y medio ambiente: un enfoque aplicado de inferencia causal y descomposici\u00f3n estad\u00edstica\u201d"},"content":{"rendered":"\n<p>Autora:<strong> <\/strong>D\u00aa Nereyda Estefan\u00eda Espinoza Velastegui.<\/p>\n\n\n\n<p>Directores&nbsp;y Tutor&nbsp;de la Tesis:&nbsp;Dr. Jos\u00e9 Manuel Cansino Mu\u00f1oz-Repiso y Dr. Antonio S\u00e1nchez Braza (tutor)<\/p>\n\n\n\n<p>Defensa: 19 de enero de 2026. Universidad de Sevilla.<\/p>\n\n\n\n<p>Doctorado en Econom\u00eda por la Universidad de Sevilla.<\/p>\n\n\n\n<figure class=\"wp-block-image size-large\"><a href=\"http:\/\/catedra.us.es\/eemedioambiente\/wp-content\/uploads\/2026\/01\/TD-CARTEL-NEREYDA-1.jpg\"><img loading=\"lazy\" width=\"1024\" height=\"614\" src=\"http:\/\/catedra.us.es\/eemedioambiente\/wp-content\/uploads\/2026\/01\/TD-CARTEL-NEREYDA-1-1024x614.jpg\" alt=\"\" class=\"wp-image-3468\" srcset=\"https:\/\/catedra.us.es\/eemedioambiente\/wp-content\/uploads\/2026\/01\/TD-CARTEL-NEREYDA-1-1024x614.jpg 1024w, https:\/\/catedra.us.es\/eemedioambiente\/wp-content\/uploads\/2026\/01\/TD-CARTEL-NEREYDA-1-300x180.jpg 300w, https:\/\/catedra.us.es\/eemedioambiente\/wp-content\/uploads\/2026\/01\/TD-CARTEL-NEREYDA-1-768x460.jpg 768w, https:\/\/catedra.us.es\/eemedioambiente\/wp-content\/uploads\/2026\/01\/TD-CARTEL-NEREYDA-1.jpg 1181w\" sizes=\"(max-width: 1024px) 100vw, 1024px\" \/><\/a><\/figure>\n","protected":false},"excerpt":{"rendered":"<p>Autora: D\u00aa Nereyda Estefan\u00eda Espinoza Velastegui. Directores&nbsp;y Tutor&nbsp;de la Tesis:&nbsp;Dr. Jos\u00e9 Manuel Cansino Mu\u00f1oz-Repiso y Dr. Antonio S\u00e1nchez Braza (tutor) Defensa: 19 de enero de 2026. Universidad de Sevilla. Doctorado en Econom\u00eda por la Universidad de Sevilla.<\/p>\n","protected":false},"author":1,"featured_media":0,"comment_status":"open","ping_status":"open","sticky":false,"template":"","format":"standard","meta":[],"categories":[4],"tags":[],"_links":{"self":[{"href":"https:\/\/catedra.us.es\/eemedioambiente\/wp-json\/wp\/v2\/posts\/3471"}],"collection":[{"href":"https:\/\/catedra.us.es\/eemedioambiente\/wp-json\/wp\/v2\/posts"}],"about":[{"href":"https:\/\/catedra.us.es\/eemedioambiente\/wp-json\/wp\/v2\/types\/post"}],"author":[{"embeddable":true,"href":"https:\/\/catedra.us.es\/eemedioambiente\/wp-json\/wp\/v2\/users\/1"}],"replies":[{"embeddable":true,"href":"https:\/\/catedra.us.es\/eemedioambiente\/wp-json\/wp\/v2\/comments?post=3471"}],"version-history":[{"count":1,"href":"https:\/\/catedra.us.es\/eemedioambiente\/wp-json\/wp\/v2\/posts\/3471\/revisions"}],"predecessor-version":[{"id":3472,"href":"https:\/\/catedra.us.es\/eemedioambiente\/wp-json\/wp\/v2\/posts\/3471\/revisions\/3472"}],"wp:attachment":[{"href":"https:\/\/catedra.us.es\/eemedioambiente\/wp-json\/wp\/v2\/media?parent=3471"}],"wp:term":[{"taxonomy":"category","embeddable":true,"href":"https:\/\/catedra.us.es\/eemedioambiente\/wp-json\/wp\/v2\/categories?post=3471"},{"taxonomy":"post_tag","embeddable":true,"href":"https:\/\/catedra.us.es\/eemedioambiente\/wp-json\/wp\/v2\/tags?post=3471"}],"curies":[{"name":"wp","href":"https:\/\/api.w.org\/{rel}","templated":true}]}}