{"id":3502,"date":"2026-02-04T12:05:55","date_gmt":"2026-02-04T12:05:55","guid":{"rendered":"https:\/\/catedra.us.es\/eemedioambiente\/?p=3502"},"modified":"2026-04-15T11:30:11","modified_gmt":"2026-04-15T11:30:11","slug":"xix-jornada-de-economia-y-medio-ambiente","status":"publish","type":"post","link":"https:\/\/catedra.us.es\/eemedioambiente\/seminarios-y-actividades\/xix-jornada-de-economia-y-medio-ambiente\/","title":{"rendered":"XIX Jornada de Econom\u00eda y Medio Ambiente\u00a0&#8211; Sevilla, 11 de marzo 2026"},"content":{"rendered":"\n<p>Evento: XIX Jornada de Econom\u00eda y Medio Ambiente.&nbsp;<\/p>\n\n\n\n<p>Fecha: <strong>Mi\u00e9rcoles 11 de marzo de 2026<\/strong><\/p>\n\n\n\n<p>Lugar: Sal\u00f3n de Grados de la Facultad de Ciencias Econ\u00f3micas y Empresariales. Universidad de Sevilla.<\/p>\n\n\n\n<p>Horario: <strong>De 9:00 h a 14:00 h.<\/strong><\/p>\n\n\n\n<p>VIDEO DISPONIBLE (Medios Audiovisuales de la FCEYE):<\/p>\n\n\n\n<figure class=\"wp-block-embed is-type-video is-provider-youtube wp-block-embed-youtube wp-embed-aspect-16-9 wp-has-aspect-ratio\"><div class=\"wp-block-embed__wrapper\">\n<p class=\"responsive-video-wrap clr\"><iframe loading=\"lazy\" title=\"XIX Jornada de Econom\u00eda y Medio Ambiente - 11 MAR 2026\" width=\"1200\" height=\"675\" src=\"https:\/\/www.youtube.com\/embed\/A2P0yZi4Xyo?feature=oembed\" frameborder=\"0\" allow=\"accelerometer; autoplay; clipboard-write; encrypted-media; gyroscope; picture-in-picture; web-share\" referrerpolicy=\"strict-origin-when-cross-origin\" allowfullscreen><\/iframe><\/p>\n<\/div><\/figure>\n\n\n\n<p>EL evento dirigido por la Dra. M.\u00aa Teresa Sanz D\u00edaz, profesora del Departamento de An\u00e1lisis Econ\u00f3mico y Econom\u00eda Pol\u00edtica se estructura en varias sesiones en las que&nbsp;se cuenta con la participaci\u00f3n de profesionales de gran prestigio a nivel nacional e internacional, tales como D. \u00c1lvaro Borrego (REE), D. Luis Calvo Lema (Antiguo directivo del sector energ\u00e9tico y organizaciones sectoriales), D\u00f1a. Sara Garc\u00eda Rojas (Grupo Mayoral), D. Andr\u00e9s Toledo Alc\u00e1ntara (Grupo Mayoral) y D. Samuel Mart\u00ednez P\u00e9rez (UNEF y  Eurowind Energy Espa\u00f1a)<\/p>\n\n\n\n<p>La Jornada incluye en su programa la Conferencia Inaugural 2026 de la C\u00e1tedra de Econom\u00eda de la Energ\u00eda y del Medio Ambiente Red El\u00e9ctrica de Espa\u00f1a-Universidad de Sevilla. En esta ocasi\u00f3n la conferencia lleva por t\u00edtulo \u201cCompensadores s\u00edncronos: elementos clave para una Red de Transporte el\u00e9ctrico m\u00e1s robusta y resiliente\u201d, y ser\u00e1 impartida por D. \u00c1lvaro Borrego Iglesias, T\u00e9cnico Institucional Territorial. Delegaci\u00f3n Regional Sur. Red El\u00e9ctrica de Espa\u00f1a. <\/p>\n\n\n\n<p>Cuestiones como los compensadores s\u00edncronos como elementos clave para la red de Transporte El\u00e9ctrico, la econom\u00eda del gas natural, la descarbonizaci\u00f3n textil y la econom\u00eda de la Energ\u00eda Fotovoltaica en Espa\u00f1a, son algunos de los t\u00f3picos que se tratar\u00e1n en la Jornada<\/p>\n\n\n\n<p><a rel=\"noreferrer noopener\" href=\"https:\/\/catedra.us.es\/eemedioambiente\/wp-content\/uploads\/2026\/02\/diptico-Jornada-Ecoyma-2026-VF.pdf\" target=\"_blank\">PROGRAMA DETALLADO <\/a><\/p>\n\n\n\n<p><strong>Aforo limitado<\/strong>. Inscripciones a trav\u00e9s del QR del Cartel o en&nbsp;<a href=\"https:\/\/docs.google.com\/forms\/d\/e\/1FAIpQLSdTKOc_ktcf5gfsqxlgys_FD0L-Mo0r74Her1oYwME-Jwt0dw\/viewform?usp=publish-editor\" target=\"_blank\" rel=\"noreferrer noopener\">Formulario de inscripci\u00f3n<\/a><\/p>\n\n\n\n<p>Organizado por la C\u00e1tedra de Econom\u00eda de la Energ\u00eda y del Medio Ambiente gracias al patrocinio de Red El\u00e9ctrica de Espa\u00f1a.<\/p>\n\n\n\n<p>Patrocinado por Red El\u00e9ctrica de Espa\u00f1a, Instituto de Econom\u00eda y Negocios de la Universidad de Sevilla \u2013 IUSEN y el Departamento de An\u00e1lisis Econ\u00f3mico y Econom\u00eda Pol\u00edtica. Universidad de Sevilla.<\/p>\n\n\n\n<figure class=\"wp-block-image size-large\"><a href=\"http:\/\/catedra.us.es\/eemedioambiente\/wp-content\/uploads\/2026\/02\/Cartel_Jornada_2026-scaled.jpg\"><img loading=\"lazy\" width=\"1024\" height=\"576\" src=\"http:\/\/catedra.us.es\/eemedioambiente\/wp-content\/uploads\/2026\/02\/Cartel_Jornada_2026-1024x576.jpg\" alt=\"\" class=\"wp-image-3521\" srcset=\"https:\/\/catedra.us.es\/eemedioambiente\/wp-content\/uploads\/2026\/02\/Cartel_Jornada_2026-1024x576.jpg 1024w, https:\/\/catedra.us.es\/eemedioambiente\/wp-content\/uploads\/2026\/02\/Cartel_Jornada_2026-300x169.jpg 300w, https:\/\/catedra.us.es\/eemedioambiente\/wp-content\/uploads\/2026\/02\/Cartel_Jornada_2026-768x432.jpg 768w, https:\/\/catedra.us.es\/eemedioambiente\/wp-content\/uploads\/2026\/02\/Cartel_Jornada_2026-1536x864.jpg 1536w, https:\/\/catedra.us.es\/eemedioambiente\/wp-content\/uploads\/2026\/02\/Cartel_Jornada_2026-2048x1152.jpg 2048w\" sizes=\"(max-width: 1024px) 100vw, 1024px\" \/><\/a><\/figure>\n\n\n\n<p><\/p>\n","protected":false},"excerpt":{"rendered":"<p>Evento: XIX Jornada de Econom\u00eda y Medio Ambiente.&nbsp; Fecha: Mi\u00e9rcoles 11 de marzo de 2026 Lugar: Sal\u00f3n de Grados de la Facultad de Ciencias Econ\u00f3micas y Empresariales. Universidad de Sevilla. Horario: De 9:00 h a 14:00 h. VIDEO DISPONIBLE (Medios Audiovisuales de la FCEYE): EL evento dirigido por la Dra. M.\u00aa Teresa Sanz D\u00edaz, profesora [&hellip;]<\/p>\n","protected":false},"author":1,"featured_media":0,"comment_status":"open","ping_status":"open","sticky":false,"template":"","format":"standard","meta":[],"categories":[5],"tags":[],"_links":{"self":[{"href":"https:\/\/catedra.us.es\/eemedioambiente\/wp-json\/wp\/v2\/posts\/3502"}],"collection":[{"href":"https:\/\/catedra.us.es\/eemedioambiente\/wp-json\/wp\/v2\/posts"}],"about":[{"href":"https:\/\/catedra.us.es\/eemedioambiente\/wp-json\/wp\/v2\/types\/post"}],"author":[{"embeddable":true,"href":"https:\/\/catedra.us.es\/eemedioambiente\/wp-json\/wp\/v2\/users\/1"}],"replies":[{"embeddable":true,"href":"https:\/\/catedra.us.es\/eemedioambiente\/wp-json\/wp\/v2\/comments?post=3502"}],"version-history":[{"count":20,"href":"https:\/\/catedra.us.es\/eemedioambiente\/wp-json\/wp\/v2\/posts\/3502\/revisions"}],"predecessor-version":[{"id":3576,"href":"https:\/\/catedra.us.es\/eemedioambiente\/wp-json\/wp\/v2\/posts\/3502\/revisions\/3576"}],"wp:attachment":[{"href":"https:\/\/catedra.us.es\/eemedioambiente\/wp-json\/wp\/v2\/media?parent=3502"}],"wp:term":[{"taxonomy":"category","embeddable":true,"href":"https:\/\/catedra.us.es\/eemedioambiente\/wp-json\/wp\/v2\/categories?post=3502"},{"taxonomy":"post_tag","embeddable":true,"href":"https:\/\/catedra.us.es\/eemedioambiente\/wp-json\/wp\/v2\/tags?post=3502"}],"curies":[{"name":"wp","href":"https:\/\/api.w.org\/{rel}","templated":true}]}}