{"id":418,"date":"2018-02-27T10:08:32","date_gmt":"2018-02-27T10:08:32","guid":{"rendered":"http:\/\/www.arttium.com\/ruben\/?p=418"},"modified":"2018-02-27T10:08:32","modified_gmt":"2018-02-27T10:08:32","slug":"modelling-the-risks-of-climate-change","status":"publish","type":"post","link":"https:\/\/catedra.us.es\/eemedioambiente\/seminarios-y-actividades\/modelling-the-risks-of-climate-change\/","title":{"rendered":"Modelling the risks of climate change"},"content":{"rendered":"<div class=\"field field-name-field-fecha field-type-datetime field-label-hidden\">\n<div class=\"field-items\">\n<div class=\"field-item even\"><span class=\"date-display-single\">14\/02\/2012<\/span><\/div>\n<\/div>\n<\/div>\n<div class=\"field field-name-body field-type-text-with-summary field-label-hidden\">\n<div class=\"field-items\">\n<div class=\"field-item even\">\n<p><strong>Dr Chris Hope<\/strong><br \/>\nUniversity Reader in Policy Modelling<br \/>\nCambridge Judge Business School. University of Cambridge<br \/>\n14 de Febrero de 2012<br \/>\nDe 10:00 a 13,30 horas<br \/>\nSeminario 2. Dpto. An\u00e1lisis Ec\u00f3mico y Econom\u00eda Pol\u00edtica<br \/>\nFacultad de Ciencias Econ\u00f3micas y Empresariales. Universidad de Sevilla (Avda. Ram\u00f3n y Cajal n\u00ba 1)<\/p>\n<p><a href=\"http:\/\/catedra.us.es\/eemedioambiente\/wp-content\/uploads\/2018\/02\/Catedra-Economia-de-la-Energia-y-del-Medio-Ambiente-conferencia-2012-02-14.pdf\">Catedra Economia de la Energia y del Medio Ambiente conferencia 2012-02-14<\/a><\/p>\n<\/div>\n<\/div>\n<\/div>\n","protected":false},"excerpt":{"rendered":"<p>14\/02\/2012 Dr Chris Hope University Reader in Policy Modelling Cambridge Judge Business School. University of Cambridge 14 de Febrero de 2012 De 10:00 a 13,30 horas Seminario 2. Dpto. An\u00e1lisis Ec\u00f3mico y Econom\u00eda Pol\u00edtica Facultad de Ciencias Econ\u00f3micas y Empresariales. Universidad de Sevilla (Avda. Ram\u00f3n y Cajal n\u00ba 1) Catedra Economia de la Energia y [&hellip;]<\/p>\n","protected":false},"author":1,"featured_media":0,"comment_status":"closed","ping_status":"closed","sticky":false,"template":"","format":"standard","meta":[],"categories":[5],"tags":[],"_links":{"self":[{"href":"https:\/\/catedra.us.es\/eemedioambiente\/wp-json\/wp\/v2\/posts\/418"}],"collection":[{"href":"https:\/\/catedra.us.es\/eemedioambiente\/wp-json\/wp\/v2\/posts"}],"about":[{"href":"https:\/\/catedra.us.es\/eemedioambiente\/wp-json\/wp\/v2\/types\/post"}],"author":[{"embeddable":true,"href":"https:\/\/catedra.us.es\/eemedioambiente\/wp-json\/wp\/v2\/users\/1"}],"replies":[{"embeddable":true,"href":"https:\/\/catedra.us.es\/eemedioambiente\/wp-json\/wp\/v2\/comments?post=418"}],"version-history":[{"count":0,"href":"https:\/\/catedra.us.es\/eemedioambiente\/wp-json\/wp\/v2\/posts\/418\/revisions"}],"wp:attachment":[{"href":"https:\/\/catedra.us.es\/eemedioambiente\/wp-json\/wp\/v2\/media?parent=418"}],"wp:term":[{"taxonomy":"category","embeddable":true,"href":"https:\/\/catedra.us.es\/eemedioambiente\/wp-json\/wp\/v2\/categories?post=418"},{"taxonomy":"post_tag","embeddable":true,"href":"https:\/\/catedra.us.es\/eemedioambiente\/wp-json\/wp\/v2\/tags?post=418"}],"curies":[{"name":"wp","href":"https:\/\/api.w.org\/{rel}","templated":true}]}}