{"id":426,"date":"2018-02-27T10:17:21","date_gmt":"2018-02-27T10:17:21","guid":{"rendered":"http:\/\/www.arttium.com\/ruben\/?p=426"},"modified":"2018-02-27T10:17:21","modified_gmt":"2018-02-27T10:17:21","slug":"iv-workshop-on-public-policies","status":"publish","type":"post","link":"https:\/\/catedra.us.es\/eemedioambiente\/seminarios-y-actividades\/iv-workshop-on-public-policies\/","title":{"rendered":"IV WORKSHOP ON PUBLIC POLICIES"},"content":{"rendered":"<div class=\"field field-name-field-fecha field-type-datetime field-label-hidden\">\n<div class=\"field-items\">\n<div class=\"field-item even\"><span class=\"date-display-single\">28\/05\/2012<\/span><\/div>\n<\/div>\n<\/div>\n<div class=\"field field-name-body field-type-text-with-summary field-label-hidden\">\n<div class=\"field-items\">\n<div class=\"field-item even\">\n<p><strong>Renewable Energy Soucers. Government promotion and economic evaluation.<\/strong><\/p>\n<p><em><strong>28 y 29 de Mayo y 1 de Junio de 2012<\/strong><\/em><\/p>\n<p>Seminario II del Dpto. An\u00e1lisis Econ\u00f3mico\u00a0y Econom\u00eda Pol\u00edtica.<\/p>\n<p>Facultad de Ciencias Econ\u00f3micas.<br \/>\nUniversidad de Sevilla<br \/>\n(Avda. Ram\u00f3n y Cajal n\u00ba 1)<\/p>\n<p><a href=\"http:\/\/catedra.us.es\/eemedioambiente\/wp-content\/uploads\/2018\/02\/IV-WORKSHOP-d\u00edptico.pdf\">IV WORKSHOP d\u00edptico<\/a><\/p>\n<\/div>\n<\/div>\n<\/div>\n","protected":false},"excerpt":{"rendered":"<p>28\/05\/2012 Renewable Energy Soucers. Government promotion and economic evaluation. 28 y 29 de Mayo y 1 de Junio de 2012 Seminario II del Dpto. An\u00e1lisis Econ\u00f3mico\u00a0y Econom\u00eda Pol\u00edtica. Facultad de Ciencias Econ\u00f3micas. Universidad de Sevilla (Avda. Ram\u00f3n y Cajal n\u00ba 1) IV WORKSHOP d\u00edptico<\/p>\n","protected":false},"author":1,"featured_media":0,"comment_status":"closed","ping_status":"closed","sticky":false,"template":"","format":"standard","meta":[],"categories":[5],"tags":[],"_links":{"self":[{"href":"https:\/\/catedra.us.es\/eemedioambiente\/wp-json\/wp\/v2\/posts\/426"}],"collection":[{"href":"https:\/\/catedra.us.es\/eemedioambiente\/wp-json\/wp\/v2\/posts"}],"about":[{"href":"https:\/\/catedra.us.es\/eemedioambiente\/wp-json\/wp\/v2\/types\/post"}],"author":[{"embeddable":true,"href":"https:\/\/catedra.us.es\/eemedioambiente\/wp-json\/wp\/v2\/users\/1"}],"replies":[{"embeddable":true,"href":"https:\/\/catedra.us.es\/eemedioambiente\/wp-json\/wp\/v2\/comments?post=426"}],"version-history":[{"count":0,"href":"https:\/\/catedra.us.es\/eemedioambiente\/wp-json\/wp\/v2\/posts\/426\/revisions"}],"wp:attachment":[{"href":"https:\/\/catedra.us.es\/eemedioambiente\/wp-json\/wp\/v2\/media?parent=426"}],"wp:term":[{"taxonomy":"category","embeddable":true,"href":"https:\/\/catedra.us.es\/eemedioambiente\/wp-json\/wp\/v2\/categories?post=426"},{"taxonomy":"post_tag","embeddable":true,"href":"https:\/\/catedra.us.es\/eemedioambiente\/wp-json\/wp\/v2\/tags?post=426"}],"curies":[{"name":"wp","href":"https:\/\/api.w.org\/{rel}","templated":true}]}}