{"id":434,"date":"2018-02-27T10:29:17","date_gmt":"2018-02-27T10:29:17","guid":{"rendered":"http:\/\/www.arttium.com\/ruben\/?p=434"},"modified":"2018-02-27T10:29:17","modified_gmt":"2018-02-27T10:29:17","slug":"conferencia-inaugural-2013-de-la-catedra-de-economia-de-la-energia-y-del-medio-ambiente","status":"publish","type":"post","link":"https:\/\/catedra.us.es\/eemedioambiente\/seminarios-y-actividades\/conferencia-inaugural-2013-de-la-catedra-de-economia-de-la-energia-y-del-medio-ambiente\/","title":{"rendered":"Conferencia Inaugural 2013 de la C\u00e1tedra de Econom\u00eda de la Energ\u00eda y del Medio Ambiente"},"content":{"rendered":"<div class=\"field field-name-field-fecha field-type-datetime field-label-hidden\">\n<div class=\"field-items\">\n<div class=\"field-item even\"><span class=\"date-display-single\">19\/02\/2013<\/span><\/div>\n<\/div>\n<\/div>\n<div class=\"field field-name-body field-type-text-with-summary field-label-hidden\">\n<div class=\"field-items\">\n<div class=\"field-item even\">\n<div>\n<p style=\"font-weight: 400;\"><strong>\u00abTrade, production fragmentation , and China\u2019s carbon dioxide emissions\u00bb<\/strong><\/p>\n<p><em><strong>19 de Febrero de 2013 a las 11:00 h<\/strong><\/em><\/p>\n<p>Impartida por el Profesor \u00a0Erik Dietzenbacher. (Faculty of Economics and Business, University of Groningen, The Netherlands).<\/p>\n<p>Organizado por la\u00a0C\u00e1tedra de Econom\u00eda de la Energ\u00eda y del Medio Ambiente.<\/p>\n<p>Lugar:<\/p>\n<p>Salon de grados. Facultad de Ciencias Econ\u00f3micas.<br \/>\nUniversidad de Sevilla<br \/>\n(Avda. Ram\u00f3n y Cajal n\u00ba 1)<\/p>\n<p><a href=\"http:\/\/catedra.us.es\/eemedioambiente\/wp-content\/uploads\/2018\/02\/IMG_3491.jpg\"><img loading=\"lazy\" class=\"alignnone size-medium wp-image-435\" src=\"http:\/\/www.arttium.com\/ruben\/wp-content\/uploads\/2018\/02\/IMG_3491-300x200.jpg\" alt=\"\" width=\"300\" height=\"200\" srcset=\"https:\/\/catedra.us.es\/eemedioambiente\/wp-content\/uploads\/2018\/02\/IMG_3491-300x200.jpg 300w, https:\/\/catedra.us.es\/eemedioambiente\/wp-content\/uploads\/2018\/02\/IMG_3491.jpg 640w\" sizes=\"(max-width: 300px) 100vw, 300px\" \/><\/a><\/p>\n<\/div>\n<\/div>\n<\/div>\n<\/div>\n","protected":false},"excerpt":{"rendered":"<p>19\/02\/2013 \u00abTrade, production fragmentation , and China\u2019s carbon dioxide emissions\u00bb 19 de Febrero de 2013 a las 11:00 h Impartida por el Profesor \u00a0Erik Dietzenbacher. (Faculty of Economics and Business, University of Groningen, The Netherlands). Organizado por la\u00a0C\u00e1tedra de Econom\u00eda de la Energ\u00eda y del Medio Ambiente. Lugar: Salon de grados. Facultad de Ciencias Econ\u00f3micas. [&hellip;]<\/p>\n","protected":false},"author":1,"featured_media":0,"comment_status":"closed","ping_status":"closed","sticky":false,"template":"","format":"standard","meta":[],"categories":[5],"tags":[],"_links":{"self":[{"href":"https:\/\/catedra.us.es\/eemedioambiente\/wp-json\/wp\/v2\/posts\/434"}],"collection":[{"href":"https:\/\/catedra.us.es\/eemedioambiente\/wp-json\/wp\/v2\/posts"}],"about":[{"href":"https:\/\/catedra.us.es\/eemedioambiente\/wp-json\/wp\/v2\/types\/post"}],"author":[{"embeddable":true,"href":"https:\/\/catedra.us.es\/eemedioambiente\/wp-json\/wp\/v2\/users\/1"}],"replies":[{"embeddable":true,"href":"https:\/\/catedra.us.es\/eemedioambiente\/wp-json\/wp\/v2\/comments?post=434"}],"version-history":[{"count":0,"href":"https:\/\/catedra.us.es\/eemedioambiente\/wp-json\/wp\/v2\/posts\/434\/revisions"}],"wp:attachment":[{"href":"https:\/\/catedra.us.es\/eemedioambiente\/wp-json\/wp\/v2\/media?parent=434"}],"wp:term":[{"taxonomy":"category","embeddable":true,"href":"https:\/\/catedra.us.es\/eemedioambiente\/wp-json\/wp\/v2\/categories?post=434"},{"taxonomy":"post_tag","embeddable":true,"href":"https:\/\/catedra.us.es\/eemedioambiente\/wp-json\/wp\/v2\/tags?post=434"}],"curies":[{"name":"wp","href":"https:\/\/api.w.org\/{rel}","templated":true}]}}