{"id":440,"date":"2018-02-27T10:42:32","date_gmt":"2018-02-27T10:42:32","guid":{"rendered":"http:\/\/www.arttium.com\/ruben\/?p=440"},"modified":"2018-02-27T10:42:32","modified_gmt":"2018-02-27T10:42:32","slug":"v-workshop-on-energy-economics-and-public-policies-evaluation","status":"publish","type":"post","link":"https:\/\/catedra.us.es\/eemedioambiente\/seminarios-y-actividades\/v-workshop-on-energy-economics-and-public-policies-evaluation\/","title":{"rendered":"V Workshop on Energy Economics and Public Policies Evaluation"},"content":{"rendered":"<div class=\"field field-name-field-fecha field-type-datetime field-label-hidden\">\n<div class=\"field-items\">\n<div class=\"field-item even\"><span class=\"date-display-single\">11\/06\/2013<\/span><\/div>\n<\/div>\n<\/div>\n<div class=\"field field-name-body field-type-text-with-summary field-label-hidden\">\n<div class=\"field-items\">\n<div class=\"field-item even\">\n<h2><strong>IX SEMINARIO DE ECONOM\u00cdA P\u00daBLICA<\/strong><\/h2>\n<p><strong>JUNE 11, 13 TH\u00a0\u00a0 &#8211;\u00a0 \u00a02013<\/strong><\/p>\n<p><strong>Direcci\u00f3n: Jos\u00e9 Manuel Cansino Mu\u00f1oz-Repiso<\/strong><\/p>\n<p>Secretar\u00eda T\u00e9cnica: Inmaculada Larrad Sabido<\/p>\n<p>&nbsp;<\/p>\n<p><strong>SESSION 1:<\/strong><\/p>\n<p><strong>Explorando los Incentivos a los veh\u00edculos de propulsi\u00f3n el\u00e9ctrica en Espa\u00f1a.<\/strong><\/p>\n<p><strong><em>Authors:<\/em><\/strong>\u00a0<strong>Jos\u00e9 Manuel Cansino, Antonio S\u00e1nchez Braza y Enrique Lerma<\/strong><\/p>\n<p>Universidad de Sevilla<\/p>\n<p><strong><em>Discussant:<\/em><\/strong><strong>\u00a0Manuel Alejandro Cardenete<\/strong><\/p>\n<p>Universidad Loyola Andaluc\u00eda<\/p>\n<p><strong>SESSION 2:<\/strong><\/p>\n<p><strong>Property tax bonus to promote solar thermal systems.<\/strong><\/p>\n<p><strong><em>Authors:<\/em><\/strong>\u00a0<strong>Antonio S\u00e1nchez Braza y Mar\u00eda del P. Pablo-Romero<\/strong><\/p>\n<p>Universidad de Sevilla<\/p>\n<p><strong><em>Discussant:<\/em><\/strong><strong>\u00a0Eladio Romero<\/strong><\/p>\n<p>Agencia de la Energ\u00eda y para la Sostenibilidad de Sevilla<\/p>\n<p><strong>SESSION 3:<\/strong><\/p>\n<p><strong>Valoraci\u00f3n del uso de los biocarburantes en el transporte. El caso de Espa\u00f1a para 2010.<\/strong><\/p>\n<p><strong><em>Authors:<\/em><\/strong>\u00a0<strong>Jos\u00e9 Manuel Cansino, Jos\u00e9 Manuel Gonz\u00e1lez Lim\u00f3n, Marta Santamar\u00eda, M\u00aa Teresa Sanz y Roc\u00edo Y\u00f1iguez Ovando.<\/strong><\/p>\n<p>Universidad de Sevilla<\/p>\n<p><strong><em>Discussant:<\/em><\/strong>\u00a0\u00a0<strong>Natalia Cald\u00e9s G\u00f3mez.<\/strong><\/p>\n<p>Unidad de An\u00e1lisis de Sistemas Energ\u00e9ticos. CIEMAT<\/p>\n<p><strong>SESSION 4:<\/strong><\/p>\n<p><strong>Impactos econ\u00f3micos de la sustituci\u00f3n de energ\u00eda el\u00e9ctrica generada en plantas de ciclo combinado por energ\u00eda el\u00e9ctrica generada por plantas de biomasa.<\/strong><\/p>\n<p><strong><em>Authors:<\/em><\/strong>\u00a0<strong>Jos\u00e9 Manuel Cansino, M\u00aa Jos\u00e9 Colinet, Jos\u00e9 Manuel Gonz\u00e1lez Lim\u00f3n y Manuel Ordo\u00f1ez.<\/strong><\/p>\n<p>Universidad de Sevilla.<\/p>\n<p><strong><em>Discussant<\/em><\/strong>:\u00a0<strong>D. Jos\u00e9 Manuel Rueda Cantuche.<\/strong><\/p>\n<p>Universidad Pablo de Olavide<\/p>\n<p><strong>SESSION 5:<\/strong><\/p>\n<p><strong>Explorando la aplicaci\u00f3n del an\u00e1lisis de descomposici\u00f3n (LMDI) al consumo de energ\u00eda final en Andaluc\u00eda.<\/strong><\/p>\n<p><strong><em>Authors:<\/em><\/strong>\u00a0<strong>M\u00aa Jos\u00e9 Colinet y Roc\u00edo Rom\u00e1n.<\/strong><\/p>\n<p>C\u00e1tedra de Econom\u00eda de la Energ\u00eda y el Medio Ambiente. Universidad de Sevilla.<\/p>\n<p><strong><em>Discussant<\/em><\/strong><strong>: Teresa Sanz D\u00edaz e Inmaculada Larrad<\/strong><\/p>\n<p>Universidad de Sevilla. Gesti\u00f3n Medioambiental.<\/p>\n<p><strong>SESSION 6:<\/strong><\/p>\n<p><strong>Incidencia en la salud respiratoria infantil de la contaminaci\u00f3n ambiental de Sevilla (2003-2007)<\/strong><\/p>\n<p><strong><em>Authors:<\/em><\/strong>\u00a0<strong>Mar\u00eda del P. Pablo-Romero, Roc\u00edo Rom\u00e1n, Jos\u00e9 Manuel Gonz\u00e1lez Lim\u00f3n y Manuel Praena<\/strong><\/p>\n<p>C\u00e1tedra de Econom\u00eda de la Energ\u00eda y el Medio Ambiente. Universidad de Sevilla.<\/p>\n<p><strong><em>Discussant<\/em><\/strong><strong>: Ferran Ballester<\/strong><\/p>\n<p>Universidad de Valencia y CSISP.<\/p>\n<p>&nbsp;<\/p>\n<p><strong>Colaboran:<\/strong><\/p>\n<p><strong>Vicerrectorado de Relaciones Institucionales. Universidad de Sevilla.<\/strong><\/p>\n<p><strong>C\u00e1tedra de Econom\u00eda de la Energ\u00eda y del Medio Ambiente<\/strong><\/p>\n<p><strong>Dpto. An\u00e1lisis Econ\u00f3mico y Econom\u00eda Pol\u00edtica. Universidad de Sevilla.<\/strong><\/p>\n<p><a href=\"http:\/\/catedra.us.es\/eemedioambiente\/wp-content\/uploads\/2018\/02\/diptico-WORKSHOP-on-energy-economics-and-public-policies-evaluation.pdf\">diptico WORKSHOP on energy economics and public policies evaluation<\/a><\/p>\n<\/div>\n<\/div>\n<\/div>\n","protected":false},"excerpt":{"rendered":"<p>11\/06\/2013 IX SEMINARIO DE ECONOM\u00cdA P\u00daBLICA JUNE 11, 13 TH\u00a0\u00a0 &#8211;\u00a0 \u00a02013 Direcci\u00f3n: Jos\u00e9 Manuel Cansino Mu\u00f1oz-Repiso Secretar\u00eda T\u00e9cnica: Inmaculada Larrad Sabido &nbsp; SESSION 1: Explorando los Incentivos a los veh\u00edculos de propulsi\u00f3n el\u00e9ctrica en Espa\u00f1a. Authors:\u00a0Jos\u00e9 Manuel Cansino, Antonio S\u00e1nchez Braza y Enrique Lerma Universidad de Sevilla Discussant:\u00a0Manuel Alejandro Cardenete Universidad Loyola Andaluc\u00eda SESSION [&hellip;]<\/p>\n","protected":false},"author":1,"featured_media":0,"comment_status":"closed","ping_status":"closed","sticky":false,"template":"","format":"standard","meta":[],"categories":[5],"tags":[],"_links":{"self":[{"href":"https:\/\/catedra.us.es\/eemedioambiente\/wp-json\/wp\/v2\/posts\/440"}],"collection":[{"href":"https:\/\/catedra.us.es\/eemedioambiente\/wp-json\/wp\/v2\/posts"}],"about":[{"href":"https:\/\/catedra.us.es\/eemedioambiente\/wp-json\/wp\/v2\/types\/post"}],"author":[{"embeddable":true,"href":"https:\/\/catedra.us.es\/eemedioambiente\/wp-json\/wp\/v2\/users\/1"}],"replies":[{"embeddable":true,"href":"https:\/\/catedra.us.es\/eemedioambiente\/wp-json\/wp\/v2\/comments?post=440"}],"version-history":[{"count":0,"href":"https:\/\/catedra.us.es\/eemedioambiente\/wp-json\/wp\/v2\/posts\/440\/revisions"}],"wp:attachment":[{"href":"https:\/\/catedra.us.es\/eemedioambiente\/wp-json\/wp\/v2\/media?parent=440"}],"wp:term":[{"taxonomy":"category","embeddable":true,"href":"https:\/\/catedra.us.es\/eemedioambiente\/wp-json\/wp\/v2\/categories?post=440"},{"taxonomy":"post_tag","embeddable":true,"href":"https:\/\/catedra.us.es\/eemedioambiente\/wp-json\/wp\/v2\/tags?post=440"}],"curies":[{"name":"wp","href":"https:\/\/api.w.org\/{rel}","templated":true}]}}