{"id":446,"date":"2018-02-27T11:21:57","date_gmt":"2018-02-27T11:21:57","guid":{"rendered":"http:\/\/www.arttium.com\/ruben\/?p=446"},"modified":"2018-02-27T11:21:57","modified_gmt":"2018-02-27T11:21:57","slug":"valoracion-de-funciones-e-intangibles-ambientales","status":"publish","type":"post","link":"https:\/\/catedra.us.es\/eemedioambiente\/seminarios-y-actividades\/valoracion-de-funciones-e-intangibles-ambientales\/","title":{"rendered":"Valoraci\u00f3n de funciones e intangibles ambientales"},"content":{"rendered":"<p><b>07\/11\/2013<\/b><\/p>\n<p><strong>Imparte: Dr. Ram\u00f3n Folch<\/strong><\/p>\n<p>Presenta: Dra. Mar\u00eda del P\u00f3pulo Pablo-Romero<\/p>\n<p>(Responsable del \u00c1rea de Crecimiento y Energ\u00eda de la C\u00e1tedra)<\/p>\n<p><strong>7 de Noviembre de 2013<\/strong><\/p>\n<p><strong>De 11:30 a 13,00 horas<\/strong><\/p>\n<p><strong>Aula 02<\/strong><\/p>\n<p><strong>Facultad de Ciencias Econ\u00f3micas y Empresariales. Universidad de Sevilla<\/strong><\/p>\n<p><strong>(Avda. Ram\u00f3n y Cajal n\u00ba 1<em>)<\/em><\/strong><\/p>\n<p><a href=\"http:\/\/catedra.us.es\/eemedioambiente\/wp-content\/uploads\/2018\/02\/Conferencia-Ram\u00f3n-Folch.pdf\">Conferencia Ram\u00f3n Folch<\/a><\/p>\n","protected":false},"excerpt":{"rendered":"<p>07\/11\/2013 Imparte: Dr. Ram\u00f3n Folch Presenta: Dra. Mar\u00eda del P\u00f3pulo Pablo-Romero (Responsable del \u00c1rea de Crecimiento y Energ\u00eda de la C\u00e1tedra) 7 de Noviembre de 2013 De 11:30 a 13,00 horas Aula 02 Facultad de Ciencias Econ\u00f3micas y Empresariales. Universidad de Sevilla (Avda. Ram\u00f3n y Cajal n\u00ba 1) Conferencia Ram\u00f3n Folch<\/p>\n","protected":false},"author":1,"featured_media":0,"comment_status":"closed","ping_status":"closed","sticky":false,"template":"","format":"standard","meta":[],"categories":[5],"tags":[],"_links":{"self":[{"href":"https:\/\/catedra.us.es\/eemedioambiente\/wp-json\/wp\/v2\/posts\/446"}],"collection":[{"href":"https:\/\/catedra.us.es\/eemedioambiente\/wp-json\/wp\/v2\/posts"}],"about":[{"href":"https:\/\/catedra.us.es\/eemedioambiente\/wp-json\/wp\/v2\/types\/post"}],"author":[{"embeddable":true,"href":"https:\/\/catedra.us.es\/eemedioambiente\/wp-json\/wp\/v2\/users\/1"}],"replies":[{"embeddable":true,"href":"https:\/\/catedra.us.es\/eemedioambiente\/wp-json\/wp\/v2\/comments?post=446"}],"version-history":[{"count":0,"href":"https:\/\/catedra.us.es\/eemedioambiente\/wp-json\/wp\/v2\/posts\/446\/revisions"}],"wp:attachment":[{"href":"https:\/\/catedra.us.es\/eemedioambiente\/wp-json\/wp\/v2\/media?parent=446"}],"wp:term":[{"taxonomy":"category","embeddable":true,"href":"https:\/\/catedra.us.es\/eemedioambiente\/wp-json\/wp\/v2\/categories?post=446"},{"taxonomy":"post_tag","embeddable":true,"href":"https:\/\/catedra.us.es\/eemedioambiente\/wp-json\/wp\/v2\/tags?post=446"}],"curies":[{"name":"wp","href":"https:\/\/api.w.org\/{rel}","templated":true}]}}