{"id":465,"date":"2018-02-27T11:38:06","date_gmt":"2018-02-27T11:38:06","guid":{"rendered":"http:\/\/www.arttium.com\/ruben\/?p=465"},"modified":"2018-02-27T11:38:06","modified_gmt":"2018-02-27T11:38:06","slug":"conferencia-inaugural-2015-de-la-catedra-de-economia-de-la-energia-y-del-medio-ambiente","status":"publish","type":"post","link":"https:\/\/catedra.us.es\/eemedioambiente\/seminarios-y-actividades\/conferencia-inaugural-2015-de-la-catedra-de-economia-de-la-energia-y-del-medio-ambiente\/","title":{"rendered":"Conferencia Inaugural 2015 de la C\u00e1tedra de Econom\u00eda de la Energ\u00eda y del Medio Ambiente"},"content":{"rendered":"<div class=\"field field-name-field-fecha field-type-datetime field-label-hidden\">\n<div class=\"field-items\">\n<div class=\"field-item even\"><span class=\"date-display-single\">05\/03\/2015<\/span><\/div>\n<\/div>\n<\/div>\n<div class=\"field field-name-body field-type-text-with-summary field-label-hidden\">\n<div class=\"field-items\">\n<div class=\"field-item even\">\n<p><strong>El dif\u00edcil tr\u00e1nsito hacia un sistema 100% renovable.<\/strong><\/p>\n<p><em>5\u00a0de marzo de 2015 a las 17:30<\/em><\/p>\n<p><strong><em>Impartida por D. Antonio G\u00f3mez Exp\u00f3sito<\/em><\/strong>\u00a0(Director de la C\u00e1tedra Endesa de la Universidad de Sevilla)<\/p>\n<p>Organizado por la\u00a0C\u00e1tedra de Econom\u00eda de la Energ\u00eda y del Medio Ambiente.<\/p>\n<p>&nbsp;<\/p>\n<p><strong>Lugar:<\/strong><\/p>\n<p>Sal\u00f3n de grados. Facultad de Ciencias Econ\u00f3micas.<br \/>\nUniversidad de Sevilla<br \/>\n(Avda. Ram\u00f3n y Cajal n\u00ba 1)<\/p>\n<p><strong><a href=\"http:\/\/catedra.us.es\/eemedioambiente\/wp-content\/uploads\/2018\/02\/conferencia_inaugural_2015.jpg\"><img loading=\"lazy\" class=\"alignnone size-full wp-image-466\" src=\"http:\/\/catedra.us.es\/eemedioambiente\/wp-content\/uploads\/2018\/02\/conferencia_inaugural_2015.jpg\" alt=\"\" width=\"260\" height=\"173\" \/><\/a><\/strong><\/p>\n<\/div>\n<\/div>\n<\/div>\n","protected":false},"excerpt":{"rendered":"<p>05\/03\/2015 El dif\u00edcil tr\u00e1nsito hacia un sistema 100% renovable. 5\u00a0de marzo de 2015 a las 17:30 Impartida por D. Antonio G\u00f3mez Exp\u00f3sito\u00a0(Director de la C\u00e1tedra Endesa de la Universidad de Sevilla) Organizado por la\u00a0C\u00e1tedra de Econom\u00eda de la Energ\u00eda y del Medio Ambiente. &nbsp; Lugar: Sal\u00f3n de grados. Facultad de Ciencias Econ\u00f3micas. Universidad de Sevilla [&hellip;]<\/p>\n","protected":false},"author":1,"featured_media":0,"comment_status":"closed","ping_status":"closed","sticky":false,"template":"","format":"standard","meta":[],"categories":[5],"tags":[],"_links":{"self":[{"href":"https:\/\/catedra.us.es\/eemedioambiente\/wp-json\/wp\/v2\/posts\/465"}],"collection":[{"href":"https:\/\/catedra.us.es\/eemedioambiente\/wp-json\/wp\/v2\/posts"}],"about":[{"href":"https:\/\/catedra.us.es\/eemedioambiente\/wp-json\/wp\/v2\/types\/post"}],"author":[{"embeddable":true,"href":"https:\/\/catedra.us.es\/eemedioambiente\/wp-json\/wp\/v2\/users\/1"}],"replies":[{"embeddable":true,"href":"https:\/\/catedra.us.es\/eemedioambiente\/wp-json\/wp\/v2\/comments?post=465"}],"version-history":[{"count":0,"href":"https:\/\/catedra.us.es\/eemedioambiente\/wp-json\/wp\/v2\/posts\/465\/revisions"}],"wp:attachment":[{"href":"https:\/\/catedra.us.es\/eemedioambiente\/wp-json\/wp\/v2\/media?parent=465"}],"wp:term":[{"taxonomy":"category","embeddable":true,"href":"https:\/\/catedra.us.es\/eemedioambiente\/wp-json\/wp\/v2\/categories?post=465"},{"taxonomy":"post_tag","embeddable":true,"href":"https:\/\/catedra.us.es\/eemedioambiente\/wp-json\/wp\/v2\/tags?post=465"}],"curies":[{"name":"wp","href":"https:\/\/api.w.org\/{rel}","templated":true}]}}