{"id":480,"date":"2018-02-27T11:47:20","date_gmt":"2018-02-27T11:47:20","guid":{"rendered":"http:\/\/www.arttium.com\/ruben\/?p=480"},"modified":"2018-02-27T11:47:20","modified_gmt":"2018-02-27T11:47:20","slug":"ix-jornadas-economia-y-medio-ambiente","status":"publish","type":"post","link":"https:\/\/catedra.us.es\/eemedioambiente\/seminarios-y-actividades\/ix-jornadas-economia-y-medio-ambiente\/","title":{"rendered":"IX JORNADAS ECONOMIA Y MEDIO AMBIENTE"},"content":{"rendered":"<div class=\"field field-name-field-fecha field-type-datetime field-label-hidden\">\n<div class=\"field-items\">\n<div class=\"field-item even\"><span class=\"date-display-single\">17\/03\/2016<\/span><\/div>\n<\/div>\n<\/div>\n<div class=\"field field-name-body field-type-text-with-summary field-label-hidden\">\n<div class=\"field-items\">\n<div class=\"field-item even\">\n<p><strong><a href=\"http:\/\/catedra.us.es\/eemedioambiente\/wp-content\/uploads\/2018\/02\/conferencia_inaugural_2016.jpg\"><img loading=\"lazy\" class=\"alignleft size-medium wp-image-481\" src=\"http:\/\/www.arttium.com\/ruben\/wp-content\/uploads\/2018\/02\/conferencia_inaugural_2016-300x300.jpg\" alt=\"\" width=\"300\" height=\"300\" srcset=\"https:\/\/catedra.us.es\/eemedioambiente\/wp-content\/uploads\/2018\/02\/conferencia_inaugural_2016-300x300.jpg 300w, https:\/\/catedra.us.es\/eemedioambiente\/wp-content\/uploads\/2018\/02\/conferencia_inaugural_2016-150x150.jpg 150w\" sizes=\"(max-width: 300px) 100vw, 300px\" \/><\/a>El jueves 17 de marzo de 2016,<\/strong>\u00a0tendr\u00e1 lugar en la Facultad de Ciencias Econ\u00f3micas y Empresariales de la Universidad de Sevilla las IX Jornadas de Econom\u00eda y Medio Ambiente. Este evento est\u00e1 dirigido por D\u00f1a. Roc\u00edo Y\u00f1iguez Ovando y D\u00f1a. Mar\u00eda Teresa Sanz D\u00edaz\u00a0 ambas profesoras del Departamento de An\u00e1lisis Econ\u00f3mico y Econom\u00eda Pol\u00edtica.<\/p>\n<p>Las Jornadas se estructuran en cinco sesiones de una hora en las que se cuenta con la participaci\u00f3n de profesionales de gran prestigio a nivel internacional:\u00a0<strong>D. Anil Markandya<\/strong>, experto en Cambio Clim\u00e1tico, profesor honorario de Econom\u00eda de la Universidad de Bath, Reino Unido y Former Scientific Director of Basque Centre of Climate Change,\u00a0\u00a0<strong>D. Luis Cruz,<\/strong>\u00a0prof. de la Facultad de Econom\u00eda y coordinador de la Iniciativa Energ\u00eda para la Sostenibilidad (EfS), de la Universidad de Coimbra (Portugal),\u00a0<strong>D. Pedro M\u00e9ndez<\/strong>, Director de Relaciones Institucionales de Endesa-Sevilla,\u00a0<strong>D. Jos\u00e9 Tom\u00e1s Raga,<\/strong>\u00a0catedr\u00e1tico de Econom\u00eda Aplicada de la Universidad Complutense de Madrid y\u00a0<strong>D.\u00a0 Luis Mundaca<\/strong>(International Institute for Industrial Environmental Economics de la Universidad de Lund (Suecia)<\/p>\n<p>Dentro del programa de las Jornadas, se incluye\u00a0<strong>\u00abLa conferencia Inaugural 2016 de la C\u00e1tedra de Econom\u00eda de la Energ\u00eda y del Medio Ambiente\u00bb,\u00a0<\/strong>en la que se abordar\u00e1 el acuerdo de Par\u00eds sobre el cambio clim\u00e1tico. La conferencia impartida por\u00a0<strong>D.\u00a0 Luis Mundaca<\/strong>\u00a0(International Institute for Industrial Environmental Economics de la Universidad de Lund (Suecia) \u00a0y que ser\u00e1\u00a0 grabada por el Servicio de Audiovisuales de la Universidad de Sevilla y se difundir\u00e1 a trav\u00e9s de la TVUS y de la web de la c\u00e1tedra de Econom\u00eda de la Energ\u00eda y del Medio Ambiente de la US.<\/p>\n<p><strong>Organiza:<\/strong><\/p>\n<p>C\u00e1tedra de Econom\u00eda de la Energ\u00eda y del Medio Ambiente<\/p>\n<p><strong>Colaboran:<\/strong><\/p>\n<p>Dpto. An\u00e1lisis Econ\u00f3mico y Econom\u00eda Pol\u00edtica.Universidad de Sevilla.<\/p>\n<p>Fundaci\u00f3 Privada Roger Torn\u00e9<\/p>\n<p>Universidad de Sevilla.Vicerrectorado de Relaciones Institucionales<\/p>\n<p>M\u00e1ster Oficial Econom\u00eda y Desarrollo<\/p>\n<p><strong>Direcci\u00f3n:<\/strong><\/p>\n<p>Roc\u00edo Y\u00f1iguez<\/p>\n<p>Mar\u00eda Teresa Sanz<\/p>\n<p><strong>Aforo limitado<\/strong><\/p>\n<p><strong>Inscripciones:\u00a0<\/strong><a href=\"mailto:economiaenergiayma@gmail.com\">economiaenergiayma@gmail.com<\/a><\/p>\n<p>&nbsp;<\/p>\n<p><strong>PROGRAMA DETALLADO<\/strong><\/p>\n<p><strong>9:30 h. Inauguraci\u00f3n y Presentaci\u00f3n<\/strong><\/p>\n<p><strong><em>D\u00f1a. Carmen N\u00fa\u00f1ez<\/em><\/strong><\/p>\n<p>Decana de la Facultad de Ciencias Econ\u00f3micas y Empresariales de la Universidad de Sevilla.<\/p>\n<p><strong><em>D\u00f1a. Soledad Rom\u00e1n<\/em><\/strong><\/p>\n<p>Directora General de la Fundaci\u00f3 Privada Roger Torn\u00e9.<\/p>\n<p><strong>D. Jos\u00e9 Manuel\u00a0<em>Cansino<\/em><\/strong><\/p>\n<p>Director de la C\u00e1tedra de Econom\u00eda de la Energ\u00eda y del Medio Ambiente de la Universidad de Sevilla.<\/p>\n<p><strong>10:00 h. El potencial de impuestos y subsidios para hacer dietas m\u00e1s saludables y reducir las emisiones de gases de efecto invernadero? Una aplicaci\u00f3n desde Espa\u00f1a.<\/strong><\/p>\n<p><strong><em>D. Anil Markandya<\/em><\/strong><\/p>\n<p>Former Scientific Director of Basque Centre of Climate Change<\/p>\n<p>Presenta: D\u00f1a. Soledad Rom\u00e1n<\/p>\n<p>Directora General de la Fundaci\u00f3 Privada Roger Torn\u00e9.<\/p>\n<p>Patrocinada por la Fundaci\u00f3 Privada Roger Torn\u00e9<\/p>\n<p><strong>11:00 h<em>.<\/em><\/strong>\u00a0<strong>3Es assessment of energy efficiency scenarios: a MULTI2C application<\/strong><\/p>\n<p><strong><em>D. Luis Cruz<\/em><\/strong><\/p>\n<p>Prof. de la Facultad de Econom\u00eda y coordinador de la Iniciativa Energ\u00eda para la Sostenibilidad (EfS), de la Universidad de Coimbra.<\/p>\n<p>Presenta: D\u00f1a. Mar\u00eda de Pablo-Romero<\/p>\n<p>Investigadora de la C\u00e1tedra de Econom\u00eda de la Energ\u00eda y del Medio Ambiente de la Universidad de Sevilla.<\/p>\n<p><strong>12:30 h.\u00a0<\/strong><strong>La Justicia Medioambiental, algo m\u00e1s que Clima<\/strong><\/p>\n<p><strong><em>D. Jos\u00e9 Tom\u00e1s Raga<\/em><\/strong><\/p>\n<p>Catedr\u00e1tico de Econom\u00eda Aplicada de la Universidad Complutense de Madrid.<\/p>\n<p>Presenta: D\u00f1a. Roc\u00edo S\u00e1nchez<\/p>\n<p>Directora del Departamento de An\u00e1lisis Econ\u00f3mico y Econom\u00eda Pol\u00edtica de la Facultad de Ciencias Econ\u00f3micas y Empresariales de la Universidad de Sevilla.<\/p>\n<p><strong>17:00 h.\u00a0<\/strong><strong>Smart cities: Las ciudades sostenibles del futuro<\/strong><\/p>\n<p><strong><em>D. Pedro M\u00e9ndez<\/em><\/strong><\/p>\n<p>Director de Relaciones Institucionales de Endesa-Sevilla.<\/p>\n<p>Presenta: D\u00f1a. Inmaculada Larrad.<\/p>\n<p>Investigadora ayudante de la C\u00e1tedra de Econom\u00eda de la Energ\u00eda y del Medio Ambiente de la Universidad de Sevilla.<\/p>\n<p><strong>18:00 h.\u00a0<em>Conferencia Inaugural 2016 de la C\u00e1tedra de Econom\u00eda de la Energ\u00eda y Medio Ambiente:\u00a0<\/em>The Climate Paris Agreement: Not a destination, but a challenging road ahead<\/strong><\/p>\n<p><strong><em>D. Luis Mundaca<\/em><\/strong><\/p>\n<p>International Institute for Industrial Environmental Economics. Lund University<\/p>\n<p>Presenta: D. Jos\u00e9 Manuel Cansino<\/p>\n<p>Director de la C\u00e1tedra de Econom\u00eda de la Energ\u00eda y del Medio Ambiente de la Universidad de Sevilla.<\/p>\n<p><strong>19:00 h. CLAUSURA Y ENTREGA DE CERTIFICADOS<\/strong><\/p>\n<p><a href=\"http:\/\/catedra.us.es\/eemedioambiente\/wp-content\/uploads\/2018\/02\/diptico_def-FINAL.pdf\">diptico_def FINAL<\/a><\/p>\n<\/div>\n<\/div>\n<\/div>\n","protected":false},"excerpt":{"rendered":"<p>17\/03\/2016 El jueves 17 de marzo de 2016,\u00a0tendr\u00e1 lugar en la Facultad de Ciencias Econ\u00f3micas y Empresariales de la Universidad de Sevilla las IX Jornadas de Econom\u00eda y Medio Ambiente. Este evento est\u00e1 dirigido por D\u00f1a. Roc\u00edo Y\u00f1iguez Ovando y D\u00f1a. Mar\u00eda Teresa Sanz D\u00edaz\u00a0 ambas profesoras del Departamento de An\u00e1lisis Econ\u00f3mico y Econom\u00eda Pol\u00edtica. [&hellip;]<\/p>\n","protected":false},"author":1,"featured_media":0,"comment_status":"closed","ping_status":"closed","sticky":false,"template":"","format":"standard","meta":[],"categories":[5],"tags":[],"_links":{"self":[{"href":"https:\/\/catedra.us.es\/eemedioambiente\/wp-json\/wp\/v2\/posts\/480"}],"collection":[{"href":"https:\/\/catedra.us.es\/eemedioambiente\/wp-json\/wp\/v2\/posts"}],"about":[{"href":"https:\/\/catedra.us.es\/eemedioambiente\/wp-json\/wp\/v2\/types\/post"}],"author":[{"embeddable":true,"href":"https:\/\/catedra.us.es\/eemedioambiente\/wp-json\/wp\/v2\/users\/1"}],"replies":[{"embeddable":true,"href":"https:\/\/catedra.us.es\/eemedioambiente\/wp-json\/wp\/v2\/comments?post=480"}],"version-history":[{"count":0,"href":"https:\/\/catedra.us.es\/eemedioambiente\/wp-json\/wp\/v2\/posts\/480\/revisions"}],"wp:attachment":[{"href":"https:\/\/catedra.us.es\/eemedioambiente\/wp-json\/wp\/v2\/media?parent=480"}],"wp:term":[{"taxonomy":"category","embeddable":true,"href":"https:\/\/catedra.us.es\/eemedioambiente\/wp-json\/wp\/v2\/categories?post=480"},{"taxonomy":"post_tag","embeddable":true,"href":"https:\/\/catedra.us.es\/eemedioambiente\/wp-json\/wp\/v2\/tags?post=480"}],"curies":[{"name":"wp","href":"https:\/\/api.w.org\/{rel}","templated":true}]}}