{"id":487,"date":"2018-02-27T11:53:30","date_gmt":"2018-02-27T11:53:30","guid":{"rendered":"http:\/\/www.arttium.com\/ruben\/?p=487"},"modified":"2018-02-27T11:53:30","modified_gmt":"2018-02-27T11:53:30","slug":"viii-workshop-on-energy-economics-and-public-policies-evaluation","status":"publish","type":"post","link":"https:\/\/catedra.us.es\/eemedioambiente\/seminarios-y-actividades\/viii-workshop-on-energy-economics-and-public-policies-evaluation\/","title":{"rendered":"VIII WORKSHOP ON ENERGY ECONOMICS AND PUBLIC POLICIES EVALUATION"},"content":{"rendered":"<div class=\"field field-name-field-fecha field-type-datetime field-label-hidden\">\n<div class=\"field-items\">\n<div class=\"field-item even\"><span class=\"date-display-single\">08\/06\/2016<\/span><\/div>\n<\/div>\n<\/div>\n<div class=\"field field-name-body field-type-text-with-summary field-label-hidden\">\n<div class=\"field-items\">\n<div class=\"field-item even\">\n<p><strong>XII SEMINARIO DE ECONOM\u00cdA P\u00daBLICA<\/strong><\/p>\n<p>Los pr\u00f3ximos d\u00edas\u00a0<strong>8 y 9 de junio de 2016,<\/strong>\u00a0bajo la direcci\u00f3n del profesor Dr. Jos\u00e9 Manuel Cansino, tendr\u00e1 lugar en el Seminario II del Dpto. de An\u00e1lisis Econ\u00f3mico y Econom\u00eda Pol\u00edtica de la Facultad de Ciencias Econ\u00f3micas y Empresariales de la Universidad de Sevilla, el XII Seminario de Econom\u00eda P\u00fablica, organizado gracias a la colaboraci\u00f3n del Vicerrectorado de Relaciones Institucionales de la Universidad de Sevilla, la C\u00e1tedra de Econom\u00eda de la Energ\u00eda y del Medio Ambiente, el Departamento de An\u00e1lisis Econ\u00f3mico y Econom\u00eda Pol\u00edtica de la Universidad de Sevilla y el Proyecto ECO2014-56399-R del Ministerio de Econom\u00eda y Competitividad del Gobierno de Espa\u00f1a.<\/p>\n<p>Las diferentes sesiones versar\u00e1n sobre la Econom\u00eda de la Energ\u00eda y la Evaluaci\u00f3n de Pol\u00edticas P\u00fablicas:<\/p>\n<p><strong>SESSION 1: An\u00e1lisis de la eficiencia global y ambiental de Espa\u00f1a, desde la perspectiva de la Uni\u00f3n Europea<\/strong><\/p>\n<p>Roc\u00edo Y\u00f1iguez, Francisco Velasco and Mar\u00eda Teresa Sanz. (University of Seville, Spain.)<\/p>\n<p><strong>SESSION 2: Influencia de los sistemas de retribuci\u00f3n en la eficiencia del sistema el\u00e9ctrico. Una aplicaci\u00f3n al caso Europeo<\/strong><\/p>\n<p>\u00c1ngel Arcos, Juan Antonio Ballesteros and Fernando N\u00fa\u00f1ez. (University of Seville, Spain.)<\/p>\n<p><strong>SESSION 3: An\u00e1lisis de eficiencia de las empresas de distribuci\u00f3n el\u00e9ctrica en Espa\u00f1a<\/strong><\/p>\n<p>\u00c1ngel Arcos, \u00a0Fernando N\u00fa\u00f1ez and Gabriel Villa. (University of Seville, Spain.)<\/p>\n<p><strong>SESSION 4: Global emissions chains and multinational enterprises. Measuring responsibilities following the control criterion<\/strong><\/p>\n<p>Jorge Enrique Zafrilla. (University of Castilla-La Mancha, Spain)<\/p>\n<p><strong>SESSION 5: Residential Energy-Environmental Kuznets Curve in the EU-28: Firsts results<\/strong><\/p>\n<p>Mar\u00eda del P. Pablo-Romero and Antonio S\u00e1nchez-Braza. (University of Seville, Spain.)<\/p>\n<p><strong>SESSION 6: Main drivers\u00a0of energy consumption changes in Spain and Andalucia. An LMDI decomposition analysis<\/strong><\/p>\n<p>Mar\u00eda Jos\u00e9 Colinet and Roc\u00edo Rom\u00e1n Agencia Andaluza de la Energ\u00eda. C\u00e1tedra de Econom\u00eda de la Energ\u00eda y del Medio Ambiente. Spain. University of Seville, Spain.)<\/p>\n<p><strong>SESSION 7: A new LDMI decomposition approach to explain emissions in the EU27: individual and set contribution<\/strong><\/p>\n<p>Mara Madaleno. (University of Aveiro, Portugal.)<\/p>\n<p><strong>SESSION 8: Does Chilean economy walk to a low carbon economy?<\/strong><\/p>\n<p>Jos\u00e9 Manuel Cansino, Antonio S\u00e1nchez-Braza and M. Luisa Rodr\u00edguez. (University of Seville, Spain.)<\/p>\n<p><strong>Inscripciones en el correo:\u00a0<\/strong><a href=\"mailto:economiaenergiayma@gmail.com\"><strong>economiaenergiayma@gmail.com<\/strong><\/a><\/p>\n<p><a href=\"http:\/\/catedra.us.es\/eemedioambiente\/wp-content\/uploads\/2018\/02\/VIII-WORKSHOP-EEPPE-DIPTICO-F.pdf\">VIII WORKSHOP EE&amp;PPE DIPTICO F<\/a><\/p>\n<\/div>\n<\/div>\n<\/div>\n","protected":false},"excerpt":{"rendered":"<p>08\/06\/2016 XII SEMINARIO DE ECONOM\u00cdA P\u00daBLICA Los pr\u00f3ximos d\u00edas\u00a08 y 9 de junio de 2016,\u00a0bajo la direcci\u00f3n del profesor Dr. Jos\u00e9 Manuel Cansino, tendr\u00e1 lugar en el Seminario II del Dpto. de An\u00e1lisis Econ\u00f3mico y Econom\u00eda Pol\u00edtica de la Facultad de Ciencias Econ\u00f3micas y Empresariales de la Universidad de Sevilla, el XII Seminario de Econom\u00eda [&hellip;]<\/p>\n","protected":false},"author":1,"featured_media":0,"comment_status":"closed","ping_status":"closed","sticky":false,"template":"","format":"standard","meta":[],"categories":[5],"tags":[],"_links":{"self":[{"href":"https:\/\/catedra.us.es\/eemedioambiente\/wp-json\/wp\/v2\/posts\/487"}],"collection":[{"href":"https:\/\/catedra.us.es\/eemedioambiente\/wp-json\/wp\/v2\/posts"}],"about":[{"href":"https:\/\/catedra.us.es\/eemedioambiente\/wp-json\/wp\/v2\/types\/post"}],"author":[{"embeddable":true,"href":"https:\/\/catedra.us.es\/eemedioambiente\/wp-json\/wp\/v2\/users\/1"}],"replies":[{"embeddable":true,"href":"https:\/\/catedra.us.es\/eemedioambiente\/wp-json\/wp\/v2\/comments?post=487"}],"version-history":[{"count":0,"href":"https:\/\/catedra.us.es\/eemedioambiente\/wp-json\/wp\/v2\/posts\/487\/revisions"}],"wp:attachment":[{"href":"https:\/\/catedra.us.es\/eemedioambiente\/wp-json\/wp\/v2\/media?parent=487"}],"wp:term":[{"taxonomy":"category","embeddable":true,"href":"https:\/\/catedra.us.es\/eemedioambiente\/wp-json\/wp\/v2\/categories?post=487"},{"taxonomy":"post_tag","embeddable":true,"href":"https:\/\/catedra.us.es\/eemedioambiente\/wp-json\/wp\/v2\/tags?post=487"}],"curies":[{"name":"wp","href":"https:\/\/api.w.org\/{rel}","templated":true}]}}