{"id":700,"date":"2018-06-18T09:44:34","date_gmt":"2018-06-18T09:44:34","guid":{"rendered":"http:\/\/catedra.us.es\/eemedioambiente\/?p=700"},"modified":"2018-06-18T09:47:26","modified_gmt":"2018-06-18T09:47:26","slug":"vi-jornadas-de-crecimiento-economico-turismo-y-sostenibilidad","status":"publish","type":"post","link":"https:\/\/catedra.us.es\/eemedioambiente\/seminarios-y-actividades\/vi-jornadas-de-crecimiento-economico-turismo-y-sostenibilidad\/","title":{"rendered":"VI Jornadas de Crecimiento Econ\u00f3mico, Turismo y Sostenibilidad"},"content":{"rendered":"<p>El <strong>21 y 22 de junio de 2018<\/strong>, tendr\u00e1 lugar en el Sal\u00f3n de Grados de la Facultad de Turismo de la Universidad de Sevilla las<strong> VI Jornadas de Crecimiento Econ\u00f3mico, Turismo y Sostenibilidad<\/strong>. Este evento est\u00e1 dirigido por D\u00f1a. Mar\u00eda Pablo- Romero y por Javier S\u00e1nchez-Rivas, profesores del Departamento de An\u00e1lisis Econ\u00f3mico y Econom\u00eda Pol\u00edtica.<br \/>\nLas Jornadas se estructuran en varias sesiones en las que se cuenta con la participaci\u00f3n de profesionales de gran prestigio.<\/p>\n<p><a href=\"http:\/\/catedra.us.es\/eemedioambiente\/wp-content\/uploads\/2018\/06\/VI-Jornadas-de-Crecimiento-Econo\u0301mico-Turismo-y-Sostenibilidad-.pdf\" target=\"_blank\" rel=\"noopener\">Programa informativo<\/a><\/p>\n","protected":false},"excerpt":{"rendered":"<p>El 21 y 22 de junio de 2018, tendr\u00e1 lugar en el Sal\u00f3n de Grados de la Facultad de Turismo de la Universidad de Sevilla las VI Jornadas de Crecimiento Econ\u00f3mico, Turismo y Sostenibilidad. Este evento est\u00e1 dirigido por D\u00f1a. Mar\u00eda Pablo- Romero y por Javier S\u00e1nchez-Rivas, profesores del Departamento de An\u00e1lisis Econ\u00f3mico y Econom\u00eda [&hellip;]<\/p>\n","protected":false},"author":1,"featured_media":0,"comment_status":"open","ping_status":"open","sticky":false,"template":"","format":"standard","meta":[],"categories":[5],"tags":[],"_links":{"self":[{"href":"https:\/\/catedra.us.es\/eemedioambiente\/wp-json\/wp\/v2\/posts\/700"}],"collection":[{"href":"https:\/\/catedra.us.es\/eemedioambiente\/wp-json\/wp\/v2\/posts"}],"about":[{"href":"https:\/\/catedra.us.es\/eemedioambiente\/wp-json\/wp\/v2\/types\/post"}],"author":[{"embeddable":true,"href":"https:\/\/catedra.us.es\/eemedioambiente\/wp-json\/wp\/v2\/users\/1"}],"replies":[{"embeddable":true,"href":"https:\/\/catedra.us.es\/eemedioambiente\/wp-json\/wp\/v2\/comments?post=700"}],"version-history":[{"count":0,"href":"https:\/\/catedra.us.es\/eemedioambiente\/wp-json\/wp\/v2\/posts\/700\/revisions"}],"wp:attachment":[{"href":"https:\/\/catedra.us.es\/eemedioambiente\/wp-json\/wp\/v2\/media?parent=700"}],"wp:term":[{"taxonomy":"category","embeddable":true,"href":"https:\/\/catedra.us.es\/eemedioambiente\/wp-json\/wp\/v2\/categories?post=700"},{"taxonomy":"post_tag","embeddable":true,"href":"https:\/\/catedra.us.es\/eemedioambiente\/wp-json\/wp\/v2\/tags?post=700"}],"curies":[{"name":"wp","href":"https:\/\/api.w.org\/{rel}","templated":true}]}}