{"id":710,"date":"2018-09-04T10:31:20","date_gmt":"2018-09-04T10:31:20","guid":{"rendered":"http:\/\/catedra.us.es\/eemedioambiente\/?p=710"},"modified":"2018-09-04T10:32:57","modified_gmt":"2018-09-04T10:32:57","slug":"factores-clave-del-cambio-en-el-consumo-de-energia-en-espana-y-su-desacoplamiento-con-el-crecimiento-economico-un-analisis-a-nivel-sectorial","status":"publish","type":"post","link":"https:\/\/catedra.us.es\/eemedioambiente\/publicaciones\/factores-clave-del-cambio-en-el-consumo-de-energia-en-espana-y-su-desacoplamiento-con-el-crecimiento-economico-un-analisis-a-nivel-sectorial\/","title":{"rendered":"Factores clave del cambio en el consumo de energ\u00eda en Espa\u00f1a y su desacoplamiento con el crecimiento econ\u00f3mico. Un an\u00e1lisis a nivel sectorial"},"content":{"rendered":"<p>Alumno: Jos\u00e9 Luis Merch\u00e1n Huanga.<\/p>\n<p>Tutores Acad\u00e9micos: Dra. Roc\u00edo Rom\u00e1n y Dr. Jos\u00e9 Manuel Cansino<\/p>\n<p><strong>Trabajo Fin de M\u00e1ster (Thesis Master) \u00a0\u2013 Julio 2018<\/strong><\/p>\n<p><a href=\"http:\/\/masters.us.es\/ecoydesa\/\"><u>M\u00e1ster de Econom\u00eda y Desarrollo. Universidad de Sevilla.<\/u><\/a><\/p>\n","protected":false},"excerpt":{"rendered":"<p>Alumno: Jos\u00e9 Luis Merch\u00e1n Huanga. Tutores Acad\u00e9micos: Dra. Roc\u00edo Rom\u00e1n y Dr. Jos\u00e9 Manuel Cansino Trabajo Fin de M\u00e1ster (Thesis Master) \u00a0\u2013 Julio 2018 M\u00e1ster de Econom\u00eda y Desarrollo. Universidad de Sevilla.<\/p>\n","protected":false},"author":1,"featured_media":0,"comment_status":"open","ping_status":"open","sticky":false,"template":"","format":"standard","meta":[],"categories":[4],"tags":[],"_links":{"self":[{"href":"https:\/\/catedra.us.es\/eemedioambiente\/wp-json\/wp\/v2\/posts\/710"}],"collection":[{"href":"https:\/\/catedra.us.es\/eemedioambiente\/wp-json\/wp\/v2\/posts"}],"about":[{"href":"https:\/\/catedra.us.es\/eemedioambiente\/wp-json\/wp\/v2\/types\/post"}],"author":[{"embeddable":true,"href":"https:\/\/catedra.us.es\/eemedioambiente\/wp-json\/wp\/v2\/users\/1"}],"replies":[{"embeddable":true,"href":"https:\/\/catedra.us.es\/eemedioambiente\/wp-json\/wp\/v2\/comments?post=710"}],"version-history":[{"count":0,"href":"https:\/\/catedra.us.es\/eemedioambiente\/wp-json\/wp\/v2\/posts\/710\/revisions"}],"wp:attachment":[{"href":"https:\/\/catedra.us.es\/eemedioambiente\/wp-json\/wp\/v2\/media?parent=710"}],"wp:term":[{"taxonomy":"category","embeddable":true,"href":"https:\/\/catedra.us.es\/eemedioambiente\/wp-json\/wp\/v2\/categories?post=710"},{"taxonomy":"post_tag","embeddable":true,"href":"https:\/\/catedra.us.es\/eemedioambiente\/wp-json\/wp\/v2\/tags?post=710"}],"curies":[{"name":"wp","href":"https:\/\/api.w.org\/{rel}","templated":true}]}}