{"id":944,"date":"2019-02-21T09:41:21","date_gmt":"2019-02-21T09:41:21","guid":{"rendered":"http:\/\/catedra.us.es\/eemedioambiente\/?p=944"},"modified":"2019-02-21T09:49:47","modified_gmt":"2019-02-21T09:49:47","slug":"a-tool-proposal-to-detect-operating-anomalies-in-the-spanish-wholesale-electricity-market","status":"publish","type":"post","link":"https:\/\/catedra.us.es\/eemedioambiente\/publicaciones\/a-tool-proposal-to-detect-operating-anomalies-in-the-spanish-wholesale-electricity-market\/","title":{"rendered":"A tool proposal to detect operating anomalies in the Spanish wholesale electricity market"},"content":{"rendered":"\n<p>Ponencia presentada por la Dra. D\u00f1a. Roc\u00edo Rom\u00e1n-Collado en el \u00abVII International Academic Symposium: Smart Energy Systems from a New Energy Policy Approach\u00bb,  celebrado en Barcelona Science Park, Barcelona.<\/p>\n\n\n\n<p>Autores: Rom\u00e1n-Collado, R.; Cansino, J.M.; Colinet M.J. y Dugo, V.<\/p>\n\n\n\n<p>Fecha aportaci\u00f3n: 5 de febrero de 2019.<\/p>\n","protected":false},"excerpt":{"rendered":"<p>Ponencia presentada por la Dra. D\u00f1a. Roc\u00edo Rom\u00e1n-Collado en el \u00abVII International Academic Symposium: Smart Energy Systems from a New Energy Policy Approach\u00bb, celebrado en Barcelona Science Park, Barcelona. Autores: Rom\u00e1n-Collado, R.; Cansino, J.M.; Colinet M.J. y Dugo, V. Fecha aportaci\u00f3n: 5 de febrero de 2019.<\/p>\n","protected":false},"author":1,"featured_media":0,"comment_status":"open","ping_status":"open","sticky":false,"template":"","format":"standard","meta":[],"categories":[4],"tags":[6],"_links":{"self":[{"href":"https:\/\/catedra.us.es\/eemedioambiente\/wp-json\/wp\/v2\/posts\/944"}],"collection":[{"href":"https:\/\/catedra.us.es\/eemedioambiente\/wp-json\/wp\/v2\/posts"}],"about":[{"href":"https:\/\/catedra.us.es\/eemedioambiente\/wp-json\/wp\/v2\/types\/post"}],"author":[{"embeddable":true,"href":"https:\/\/catedra.us.es\/eemedioambiente\/wp-json\/wp\/v2\/users\/1"}],"replies":[{"embeddable":true,"href":"https:\/\/catedra.us.es\/eemedioambiente\/wp-json\/wp\/v2\/comments?post=944"}],"version-history":[{"count":0,"href":"https:\/\/catedra.us.es\/eemedioambiente\/wp-json\/wp\/v2\/posts\/944\/revisions"}],"wp:attachment":[{"href":"https:\/\/catedra.us.es\/eemedioambiente\/wp-json\/wp\/v2\/media?parent=944"}],"wp:term":[{"taxonomy":"category","embeddable":true,"href":"https:\/\/catedra.us.es\/eemedioambiente\/wp-json\/wp\/v2\/categories?post=944"},{"taxonomy":"post_tag","embeddable":true,"href":"https:\/\/catedra.us.es\/eemedioambiente\/wp-json\/wp\/v2\/tags?post=944"}],"curies":[{"name":"wp","href":"https:\/\/api.w.org\/{rel}","templated":true}]}}