{"id":6111,"date":"2024-09-20T20:50:01","date_gmt":"2024-09-20T18:50:01","guid":{"rendered":"http:\/\/catedra.us.es\/puertodesevilla\/?p=6111"},"modified":"2024-09-25T21:01:35","modified_gmt":"2024-09-25T19:01:35","slug":"6111","status":"publish","type":"post","link":"https:\/\/catedra.us.es\/puertodesevilla\/blog\/6111\/","title":{"rendered":"Explorando el Puerto de Sevilla: Estudiantes de Arquitectura Conocen de Cerca la Terminal de Cruceros"},"content":{"rendered":"\n<p>El viernes 20 de septiembre tuvo lugar, en las instalaciones de la <a href=\"https:\/\/es.linkedin.com\/company\/autoridadportuariadesevilla?trk=public_post-text\">Autoridad Portuaria de Sevilla<\/a>, una interesante actividad enmarcada en el conjunto de acciones desarrolladas desde la <a href=\"https:\/\/www.linkedin.com\/company\/c%C3%A1tedra-puerto-sevilla-universidad-sevilla?trk=public_post-text\">C\u00e1tedra Puerto de Sevilla<\/a>. <a href=\"https:\/\/es.linkedin.com\/in\/juan-manuel-rojas-fern%C3%A1ndez?trk=public_post-text\">Juan Manuel Rojas Fern\u00e1ndez<\/a>, profesor del departamento de Historia, Teor\u00eda y Composici\u00f3n Arquitect\u00f3nicas de la Escuela T\u00e9cnica Superior de Arquitectura de la <a href=\"https:\/\/es.linkedin.com\/school\/universidad-de-sevilla\/?trk=public_post-text\">Universidad de Sevilla<\/a> y Socio Director de <a href=\"https:\/\/es.linkedin.com\/company\/hombre-de-piedra?trk=public_post-text\">Hombre de Piedra<\/a> Arquitectos, coordin\u00f3 y puso en marcha esta interesante iniciativa en la que alumnado pudo conocer \u201cin situ\u201d detalles de todo el proceso de creaci\u00f3n, construcci\u00f3n y explotaci\u00f3n de la Terminal de Cruceros y otros edificios industrializados dise\u00f1ados por <a href=\"https:\/\/es.linkedin.com\/company\/hombre-de-piedra?trk=public_post-text\">Hombre de Piedra<\/a> Arquitectos. Adem\u00e1s, la visita coincidi\u00f3 con la con la llegada de un crucero, por lo que los participantes pudieron asistir al desarrollo de las distintas tareas a realizar desde la <a href=\"https:\/\/es.linkedin.com\/company\/autoridadportuariadesevilla?trk=public_post-text\">Autoridad Portuaria de Sevilla<\/a> en estos casos. Despu\u00e9s de la visita, la actividad continu\u00f3 con una clase pr\u00e1ctica en la que el alumnado pudo profundizar m\u00e1s en el conocimiento del espacio. Nos encantan estas actividades que ponen en valor el espacio del Puerto de Sevilla. Gracias al Profesor <a href=\"https:\/\/es.linkedin.com\/in\/juan-manuel-rojas-fern%C3%A1ndez?trk=public_post-text\">Juan Manuel Rojas Fern\u00e1ndez<\/a>, por su implicaci\u00f3n y pasi\u00f3n en el dise\u00f1o y ejecuci\u00f3n de esta acci\u00f3n, y por supuesto a la <a href=\"https:\/\/es.linkedin.com\/company\/autoridadportuariadesevilla?trk=public_post-text\">Autoridad Portuaria de Sevilla<\/a> por abrir sus puertas a nuestra comunidad universitaria.<\/p>\n","protected":false},"excerpt":{"rendered":"<p>El viernes 20 de septiembre tuvo lugar, en las instalaciones de la Autoridad Portuaria de Sevilla, una interesante actividad enmarcada en el conjunto de acciones desarrolladas desde la C\u00e1tedra Puerto&#8230;<\/p>\n","protected":false},"author":1,"featured_media":6112,"comment_status":"closed","ping_status":"closed","sticky":false,"template":"","format":"standard","meta":{"footnotes":""},"categories":[1],"tags":[],"class_list":{"0":"post-6111","1":"post","2":"type-post","3":"status-publish","4":"format-standard","5":"has-post-thumbnail","7":"category-blog"},"_links":{"self":[{"href":"https:\/\/catedra.us.es\/puertodesevilla\/wp-json\/wp\/v2\/posts\/6111","targetHints":{"allow":["GET"]}}],"collection":[{"href":"https:\/\/catedra.us.es\/puertodesevilla\/wp-json\/wp\/v2\/posts"}],"about":[{"href":"https:\/\/catedra.us.es\/puertodesevilla\/wp-json\/wp\/v2\/types\/post"}],"author":[{"embeddable":true,"href":"https:\/\/catedra.us.es\/puertodesevilla\/wp-json\/wp\/v2\/users\/1"}],"replies":[{"embeddable":true,"href":"https:\/\/catedra.us.es\/puertodesevilla\/wp-json\/wp\/v2\/comments?post=6111"}],"version-history":[{"count":2,"href":"https:\/\/catedra.us.es\/puertodesevilla\/wp-json\/wp\/v2\/posts\/6111\/revisions"}],"predecessor-version":[{"id":6114,"href":"https:\/\/catedra.us.es\/puertodesevilla\/wp-json\/wp\/v2\/posts\/6111\/revisions\/6114"}],"wp:featuredmedia":[{"embeddable":true,"href":"https:\/\/catedra.us.es\/puertodesevilla\/wp-json\/wp\/v2\/media\/6112"}],"wp:attachment":[{"href":"https:\/\/catedra.us.es\/puertodesevilla\/wp-json\/wp\/v2\/media?parent=6111"}],"wp:term":[{"taxonomy":"category","embeddable":true,"href":"https:\/\/catedra.us.es\/puertodesevilla\/wp-json\/wp\/v2\/categories?post=6111"},{"taxonomy":"post_tag","embeddable":true,"href":"https:\/\/catedra.us.es\/puertodesevilla\/wp-json\/wp\/v2\/tags?post=6111"}],"curies":[{"name":"wp","href":"https:\/\/api.w.org\/{rel}","templated":true}]}}